{"id":41934,"date":"2019-06-21T05:37:31","date_gmt":"2019-06-21T09:37:31","guid":{"rendered":"https:\/\/linitiative.ca\/International\/il-fait-lactu-hicham-lahlou-designer\/"},"modified":"2019-06-21T05:37:31","modified_gmt":"2019-06-21T09:37:31","slug":"il-fait-lactu-hicham-lahlou-designer","status":"publish","type":"post","link":"https:\/\/linitiative.ca\/International\/il-fait-lactu-hicham-lahlou-designer\/","title":{"rendered":"Il fait l\u2019actu : Hicham Lahlou, designer"},"content":{"rendered":"<p><strong>Le Maroc occupe une place de leader en Afrique en mati\u00e8re de design et de d\u00e9veloppement durable, a affirm\u00e9 le designer marocain et membre de l\u2019Organisation mondiale du design, Hicham Lahlou.<\/strong><\/p>\n<div class=\"c10\"\/>\n<p>\u00ab Le Maroc occupe, gr\u00e2ce \u00e0 la vision \u00e9clair\u00e9e de Sa Majest\u00e9 le Roi Mohammed VI, la place de leader en mati\u00e8re de design et de d\u00e9veloppement durable au niveau du continent africain, notamment gr\u00e2ce \u00e0 l\u2019engagement du Royaume dans les projets d\u2019\u00e9nergies renouvelables comme la station solaire Noor et l\u2019organisation de la COP 22 en 2016 \u00bb, a indiqu\u00e9 Lahlou dans une d\u00e9claration \u00e0 la MAP en marge de sa participation vendredi au \u00ab World Design Talks \u00bb dans la capitale Slov\u00e8ne. \u00ab En tant que membre \u00e9lu de l\u2019Organisation mondiale du Design (WDO), j\u2019essaie de m\u2019inspirer de cette dynamique en \u0153uvrant dans le cadre de la diplomatie parall\u00e8le et de soft power et en mettant en avant les potentialit\u00e9s du Maroc, de la r\u00e9gion MENA et de l\u2019Afrique dans le domaine du d\u00e9veloppement durable et du design \u00bb, a soulign\u00e9 Lahlou.<\/p>\n<p>Il a not\u00e9 que la tenue du World Design Talks \u00e0 Ljubljana, qui porte sur l\u2019ODD 11, villes et communaut\u00e9s durables et les 17 points des Objectifs 2030 des Nations Unies, permet notamment aux membres de l\u2019Organisation mondiale du design de porter chacun un regard sur la vision commune du d\u00e9veloppement durable dans le monde. L\u2019Organisation mondiale du Design, peut, \u00e0 travers son statut consultatif sp\u00e9cial aupr\u00e8s des Nations-unies, toucher plusieurs pays, notamment africains afin d\u2019insuffler une dynamique au d\u00e9veloppement durable dans le continent, a assur\u00e9 Lahlou.<\/p>\n<p>\u00ab C\u2019est dans cet esprit que nous avions anim\u00e9 un panel lors du Sommet \u00ab Africit\u00e9s \u00bb en novembre dernier \u00e0 Marrakech, en pr\u00e9sence de la pr\u00e9sidente de la WDO, afin de mettre en avant les potentialit\u00e9s du continent en la mati\u00e8re \u00bb, a soulign\u00e9 Lahlou, ajoutant que les villes africaines avaient fait part d\u2019une large adh\u00e9sion \u00e0 cette vision lors de cet \u00e9v\u00e9nement. Le designer marocain a, par ailleurs, indiqu\u00e9 qu\u2019il va participer \u00e0 la r\u00e9union du Conseil d\u2019administration de l\u2019Organisation mondiale du design qui se tiendra en marge du World Design Talks, les 22 et 23 juin, afin de pr\u00e9parer l\u2019assembl\u00e9e g\u00e9n\u00e9rale de l\u2019organisation, pr\u00e9vue le 10 octobre prochain dans la ville d\u2019Hyderabad en Inde.<\/p>\n<p>Hicham Lahlou est un des grands leaders du design africain et arabe \u00e0 l\u2019international. Il est le premier Marocain, premier de la R\u00e9gion Mena et 2\u00e8me africain \u00e0 avoir \u00e9t\u00e9 \u00e9lu dans l\u2019histoire de l\u2019Organisation mondiale du Design en 62 ans d\u2019histoire. Il est \u00ab\u00a0Chevalier de l\u2019Ordre des Arts et des Lettres de la R\u00e9publique Fran\u00e7aise\u00a0\u00bb.<\/p>\n<p>Le World Design Talks est initi\u00e9 par la Facult\u00e9 de design, membre associ\u00e9 de l\u2019Universit\u00e9 de Primorska en Slov\u00e9nie (Membre de WDO) en collaboration avec la municipalit\u00e9 de Ljubljana et la maison du design Management et innovation (HDMI).<\/p>\n<div class=\"c17\">\n<fieldset class=\"c16\">\n<legend><strong><span class=\"c11\">Challenge<\/span><span class=\"c12\">news<\/span><\/strong><\/legend>\n<div class=\"c15\">Le meilleur de la r\u00e9daction s\u00e9lectionn\u00e9 par Challenge :<\/p>\n<\/div>\n<\/fieldset>\n<\/div>\n<p>Auteur: challenge<br \/>\n<a href=\"https:\/\/www.challenge.ma\/il-fait-lactu-hicham-lahlou-designer-111137\/\">Cliquez ici pour lire l&rsquo;article depuis sa source.<\/a><\/p>\n","protected":false},"excerpt":{"rendered":"<p>Le Maroc occupe une place de leader en Afrique en mati\u00e8re de design et de d\u00e9veloppement durable, a affirm\u00e9 le designer marocain et membre de l\u2019Organisation mondiale du design, Hicham Lahlou. \u00ab Le Maroc occupe, gr\u00e2ce \u00e0 la vision \u00e9clair\u00e9e de Sa Majest\u00e9 le Roi Mohammed VI, la place de leader en mati\u00e8re de design [&hellip;]<\/p>\n","protected":false},"author":1787,"featured_media":0,"comment_status":"closed","ping_status":"closed","sticky":false,"template":"","format":"standard","meta":{"fifu_image_url":"","fifu_image_alt":"","footnotes":""},"categories":[78,54],"tags":[],"class_list":["post-41934","post","type-post","status-publish","format-standard","hentry","category-economie","category-maroc"],"_links":{"self":[{"href":"https:\/\/linitiative.ca\/International\/wp-json\/wp\/v2\/posts\/41934","targetHints":{"allow":["GET"]}}],"collection":[{"href":"https:\/\/linitiative.ca\/International\/wp-json\/wp\/v2\/posts"}],"about":[{"href":"https:\/\/linitiative.ca\/International\/wp-json\/wp\/v2\/types\/post"}],"author":[{"embeddable":true,"href":"https:\/\/linitiative.ca\/International\/wp-json\/wp\/v2\/users\/1787"}],"replies":[{"embeddable":true,"href":"https:\/\/linitiative.ca\/International\/wp-json\/wp\/v2\/comments?post=41934"}],"version-history":[{"count":0,"href":"https:\/\/linitiative.ca\/International\/wp-json\/wp\/v2\/posts\/41934\/revisions"}],"wp:attachment":[{"href":"https:\/\/linitiative.ca\/International\/wp-json\/wp\/v2\/media?parent=41934"}],"wp:term":[{"taxonomy":"category","embeddable":true,"href":"https:\/\/linitiative.ca\/International\/wp-json\/wp\/v2\/categories?post=41934"},{"taxonomy":"post_tag","embeddable":true,"href":"https:\/\/linitiative.ca\/International\/wp-json\/wp\/v2\/tags?post=41934"}],"curies":[{"name":"wp","href":"https:\/\/api.w.org\/{rel}","templated":true}]}}