{"id":41935,"date":"2019-06-21T06:51:55","date_gmt":"2019-06-21T10:51:55","guid":{"rendered":"https:\/\/linitiative.ca\/International\/sur-les-1-200-radars-prevus-seulement-552-operationnels-en-2021\/"},"modified":"2019-06-21T06:51:55","modified_gmt":"2019-06-21T10:51:55","slug":"sur-les-1-200-radars-prevus-seulement-552-operationnels-en-2021","status":"publish","type":"post","link":"https:\/\/linitiative.ca\/International\/sur-les-1-200-radars-prevus-seulement-552-operationnels-en-2021\/","title":{"rendered":"Sur les 1.200 radars pr\u00e9vus, seulement 552 op\u00e9rationnels en 2021"},"content":{"rendered":"<p><strong>Le minist\u00e8re s\u2019appr\u00eate \u00e0 lancer des appels d\u2019offres pour atteindre son objectif de disposer de 1.200 radars. En attendant, le minist\u00e8re a acquis 552 radars en vue de d\u00e9tecter les diff\u00e9rentes infractions routi\u00e8res.<\/strong><\/p>\n<div class=\"c10\"\/>\n<p>Les nouveaux radars \u00ab intelligents \u00bb permettront de contr\u00f4ler la vitesse, le feu rouge et plusieurs autres infractions, notamment celles se rapportant \u00e0 la circulation sur les passages interdits et au chevauchement et franchissement de la ligne continue. En effet, 276 appareils permettront de contr\u00f4ler la vitesse hors conglom\u00e9rations urbaines, 204 appareils pour d\u00e9tecter le respect du feu rouge et la vitesse dans les zones urbaines, ainsi que 72 radars pour contr\u00f4ler la vitesse sur les autoroutes, rapporte le quotidien Al Massae dans \u00e9dition de ce vendredi 21 juin.<\/p>\n<p>Lire aussi : <a href=\"https:\/\/www.challenge.ma\/letat-se-tourne-a-nouveau-vers-les-radars-mobiles-100574\/\" target=\"_blank\" rel=\"noopener noreferrer\">L\u2019\u00c9tat se tourne \u00e0 nouveau vers les radars mobiles<\/a><\/p>\n<p>Alors que le nombre de radars fixes ne d\u00e9passe pas 140, dont 20 appareils en panne, les nouveaux radars annonc\u00e9s par le minist\u00e8re de l\u2019\u00e9quipement et du transport ne seraient pas op\u00e9rationnels avant 2021. Plusieurs raisons expliquent ce report. Certaines sont purement techniques alors que d\u2019autres se rapportent \u00e0 leur emplacement. En attendant la mise en service de ces radars.<\/p>\n<p>A signaler qu\u2019en 2018, les radars fixes ont permis de d\u00e9tecter 1,5 millions infractions li\u00e9es \u00e0 l\u2019exc\u00e8s de vitesse, selon le minist\u00e8re de l\u2019Equipement et du Transport.<\/p>\n<div class=\"c17\">\n<fieldset class=\"c16\">\n<legend><strong><span class=\"c11\">Challenge<\/span><span class=\"c12\">news<\/span><\/strong><\/legend>\n<div class=\"c15\">Le meilleur de la r\u00e9daction s\u00e9lectionn\u00e9 par Challenge :<\/p>\n<\/div>\n<\/fieldset>\n<\/div>\n<p>Auteur: Hassan Manyani<br \/>\n<a href=\"https:\/\/www.challenge.ma\/sur-les-1-200-radars-prevus-seulement-552-operationnels-en-2021-111125\/\">Cliquez ici pour lire l&rsquo;article depuis sa source.<\/a><\/p>\n","protected":false},"excerpt":{"rendered":"<p>Le minist\u00e8re s\u2019appr\u00eate \u00e0 lancer des appels d\u2019offres pour atteindre son objectif de disposer de 1.200 radars. En attendant, le minist\u00e8re a acquis 552 radars en vue de d\u00e9tecter les diff\u00e9rentes infractions routi\u00e8res. Les nouveaux radars \u00ab intelligents \u00bb permettront de contr\u00f4ler la vitesse, le feu rouge et plusieurs autres infractions, notamment celles se rapportant [&hellip;]<\/p>\n","protected":false},"author":1787,"featured_media":0,"comment_status":"closed","ping_status":"closed","sticky":false,"template":"","format":"standard","meta":{"fifu_image_url":"","fifu_image_alt":"","footnotes":""},"categories":[78,54],"tags":[],"class_list":["post-41935","post","type-post","status-publish","format-standard","hentry","category-economie","category-maroc"],"_links":{"self":[{"href":"https:\/\/linitiative.ca\/International\/wp-json\/wp\/v2\/posts\/41935","targetHints":{"allow":["GET"]}}],"collection":[{"href":"https:\/\/linitiative.ca\/International\/wp-json\/wp\/v2\/posts"}],"about":[{"href":"https:\/\/linitiative.ca\/International\/wp-json\/wp\/v2\/types\/post"}],"author":[{"embeddable":true,"href":"https:\/\/linitiative.ca\/International\/wp-json\/wp\/v2\/users\/1787"}],"replies":[{"embeddable":true,"href":"https:\/\/linitiative.ca\/International\/wp-json\/wp\/v2\/comments?post=41935"}],"version-history":[{"count":0,"href":"https:\/\/linitiative.ca\/International\/wp-json\/wp\/v2\/posts\/41935\/revisions"}],"wp:attachment":[{"href":"https:\/\/linitiative.ca\/International\/wp-json\/wp\/v2\/media?parent=41935"}],"wp:term":[{"taxonomy":"category","embeddable":true,"href":"https:\/\/linitiative.ca\/International\/wp-json\/wp\/v2\/categories?post=41935"},{"taxonomy":"post_tag","embeddable":true,"href":"https:\/\/linitiative.ca\/International\/wp-json\/wp\/v2\/tags?post=41935"}],"curies":[{"name":"wp","href":"https:\/\/api.w.org\/{rel}","templated":true}]}}