{"id":41942,"date":"2019-06-21T13:51:17","date_gmt":"2019-06-21T17:51:17","guid":{"rendered":"https:\/\/linitiative.ca\/International\/salon-al-omrane-expo-mdm-2019-un-dispositif-de-proximite-pour-les-mre\/"},"modified":"2019-06-21T13:51:17","modified_gmt":"2019-06-21T17:51:17","slug":"salon-al-omrane-expo-mdm-2019-un-dispositif-de-proximite-pour-les-mre","status":"publish","type":"post","link":"https:\/\/linitiative.ca\/International\/salon-al-omrane-expo-mdm-2019-un-dispositif-de-proximite-pour-les-mre\/","title":{"rendered":"Salon \u00ab\u00a0Al Omrane Expo MDM\u00a0\u00bb 2019 : un dispositif de proximit\u00e9 pour les MRE"},"content":{"rendered":"<p><strong>Le Groupe Al Omrane a pr\u00e9sent\u00e9, vendredi \u00e0 Rabat, son dispositif de proximit\u00e9 au profit des Marocains du monde (MDM), \u00ab\u00a0Al Omrane Expo MDM\u00a0\u00bb 2019. Objectif : r\u00e9pondre au mieux aux attentes des Marocains r\u00e9sidant \u00e0 l\u2019\u00e9tranger.<\/strong><\/p>\n<div class=\"c10\"\/>\n<p>Le Groupe inaugure, \u00e0 travers ce roadshow, une nouvelle \u00e9tape dans sa politique d\u2019ouverture et de proximit\u00e9, en consacrant son engagement pour une production de qualit\u00e9, utile et conforme aux attentes, \u00e0 la fois, des citoyens clients et de ses partenaires du monde clients et investisseurs. \u00ab\u00a0Al Omrane Expo MDM\u00a0\u00bb d\u00e9butera sa tourn\u00e9e \u00e0 partir de la troisi\u00e8me semaine du mois de juin avec son \u00e9tape fran\u00e7aise \u00e0 Montpellier, du 21 au 23 juin 2019, et fera une escale du 5 au 7 juillet 2019 \u00e0 Montr\u00e9al, pour ensuite s\u2019arr\u00eater \u00e0 Bruxelles (11-13 octobre 2019), Paris (15-17 novembre 2019) puis Barcelone (28\/29 novembre et 1er d\u00e9cembre 2019), et terminer par une derni\u00e8re \u00e9tape \u00e0 Duba\u00ef (6-8 d\u00e9cembre 2019).<\/p>\n<p>Lire aussi : <a href=\"https:\/\/www.challenge.ma\/groupe-al-omrane-56-milliards-dinvestissements-en-2019-105743\/\" target=\"_blank\" rel=\"noopener noreferrer\">Groupe Al Omrane : 5,6 milliards d\u2019investissements en 2019<\/a><\/p>\n<p>Dans une d\u00e9claration \u00e0 la presse, le pr\u00e9sident du Directoire du Holding Al Omrane, Badr Kanouni, a indiqu\u00e9 que le Groupe a mis en place une strat\u00e9gie bien d\u00e9finie, \u00e0 travers l\u2019organisation d\u2019un salon itin\u00e9rant qui va \u00e0 la rencontre des Marocains r\u00e9sidant \u00e0 l\u2019\u00e9tranger (MRE), particuli\u00e8rement dans les r\u00e9gions o\u00f9 la communaut\u00e9 marocaine est fortement pr\u00e9sente. \u00ab\u00a0Al Omrane Expo MDM\u00a0\u00bb sera l\u2019occasion de pr\u00e9senter l\u2019offre d\u2019Al Omrane en mati\u00e8re de logement, d\u2019op\u00e9rations int\u00e9gr\u00e9es notamment l\u2019am\u00e9nagement des \u00e9quipements publics, les zones de proximit\u00e9 et industrielles, a-t-il pr\u00e9cis\u00e9, notant que ce salon ouvrira \u00e9galement devant les MRE la possibilit\u00e9 d\u2019investir dans les activit\u00e9s du Groupe.<\/p>\n<p>Le lancement officiel de ce dispositif de proximit\u00e9 se tiendra le 6 juillet en Am\u00e9rique du Nord, pr\u00e9cis\u00e9ment dans la ville de Montr\u00e9al, o\u00f9 une conf\u00e9rence sur l\u2019investissement sera \u00e9galement organis\u00e9e afin de valoriser les opportunit\u00e9s qu\u2019offre le Groupe Al Omrane \u00e0 travers le Royaume, a-t-il ajout\u00e9. Al Omrane Expo d\u00e9di\u00e9e aux concitoyens r\u00e9sidant \u00e0 l\u2019\u00e9tranger, s\u2019est d\u00e9ploy\u00e9e sur 4 continents visit\u00e9s, 40 villes \u00e9trang\u00e8res programm\u00e9es et plus de 50 \u00e9tapes ayant permis de toucher plus de 500.000 Marocains du Monde.<\/p>\n<div class=\"c17\">\n<fieldset class=\"c16\">\n<legend><strong><span class=\"c11\">Challenge<\/span><span class=\"c12\">news<\/span><\/strong><\/legend>\n<div class=\"c15\">Le meilleur de la r\u00e9daction s\u00e9lectionn\u00e9 par Challenge :<\/p>\n<\/div>\n<\/fieldset>\n<\/div>\n<p>Auteur: challenge<br \/>\n<a href=\"https:\/\/www.challenge.ma\/salon-al-omrane-expo-mdm-2019-un-dispositif-de-proximite-pour-les-mre-111199\/\">Cliquez ici pour lire l&rsquo;article depuis sa source.<\/a><\/p>\n","protected":false},"excerpt":{"rendered":"<p>Le Groupe Al Omrane a pr\u00e9sent\u00e9, vendredi \u00e0 Rabat, son dispositif de proximit\u00e9 au profit des Marocains du monde (MDM), \u00ab\u00a0Al Omrane Expo MDM\u00a0\u00bb 2019. Objectif : r\u00e9pondre au mieux aux attentes des Marocains r\u00e9sidant \u00e0 l\u2019\u00e9tranger. Le Groupe inaugure, \u00e0 travers ce roadshow, une nouvelle \u00e9tape dans sa politique d\u2019ouverture et de proximit\u00e9, en [&hellip;]<\/p>\n","protected":false},"author":1787,"featured_media":0,"comment_status":"closed","ping_status":"closed","sticky":false,"template":"","format":"standard","meta":{"fifu_image_url":"","fifu_image_alt":"","footnotes":""},"categories":[78,54],"tags":[],"class_list":["post-41942","post","type-post","status-publish","format-standard","hentry","category-economie","category-maroc"],"_links":{"self":[{"href":"https:\/\/linitiative.ca\/International\/wp-json\/wp\/v2\/posts\/41942","targetHints":{"allow":["GET"]}}],"collection":[{"href":"https:\/\/linitiative.ca\/International\/wp-json\/wp\/v2\/posts"}],"about":[{"href":"https:\/\/linitiative.ca\/International\/wp-json\/wp\/v2\/types\/post"}],"author":[{"embeddable":true,"href":"https:\/\/linitiative.ca\/International\/wp-json\/wp\/v2\/users\/1787"}],"replies":[{"embeddable":true,"href":"https:\/\/linitiative.ca\/International\/wp-json\/wp\/v2\/comments?post=41942"}],"version-history":[{"count":0,"href":"https:\/\/linitiative.ca\/International\/wp-json\/wp\/v2\/posts\/41942\/revisions"}],"wp:attachment":[{"href":"https:\/\/linitiative.ca\/International\/wp-json\/wp\/v2\/media?parent=41942"}],"wp:term":[{"taxonomy":"category","embeddable":true,"href":"https:\/\/linitiative.ca\/International\/wp-json\/wp\/v2\/categories?post=41942"},{"taxonomy":"post_tag","embeddable":true,"href":"https:\/\/linitiative.ca\/International\/wp-json\/wp\/v2\/tags?post=41942"}],"curies":[{"name":"wp","href":"https:\/\/api.w.org\/{rel}","templated":true}]}}