{"id":41943,"date":"2019-06-21T15:34:38","date_gmt":"2019-06-21T19:34:38","guid":{"rendered":"https:\/\/linitiative.ca\/International\/secteur-prive-la-cgem-et-la-bad-main-dans-la-main\/"},"modified":"2019-06-21T15:34:38","modified_gmt":"2019-06-21T19:34:38","slug":"secteur-prive-la-cgem-et-la-bad-main-dans-la-main","status":"publish","type":"post","link":"https:\/\/linitiative.ca\/International\/secteur-prive-la-cgem-et-la-bad-main-dans-la-main\/","title":{"rendered":"Secteur priv\u00e9\u00a0: La CGEM et la BAD, main dans la main"},"content":{"rendered":"<p><strong>C\u2019est une premi\u00e8re sur tout le continent africain. Le patronat marocain vient de signer un partenariat avec la Banque Africaine de D\u00e9veloppement (BAD). En vertu de cet accord, la BAD entend accompagner activement le d\u00e9veloppement des entreprises marocaines en Afrique subsaharienne.\u00a0<\/strong><\/p>\n<div class=\"c10\"\/>\n<p>Le groupe de la <strong>Banque Africaine de D\u00e9veloppement<\/strong> et la Conf\u00e9d\u00e9ration g\u00e9n\u00e9rale des entreprises du Maroc (CGEM) ont, en effet, sign\u00e9 le 21 juin \u00e0 Casablanca, un accord de don de 560.000 dollars en vue de renforcer le r\u00f4le du secteur priv\u00e9 marocain dans la dynamique d\u2019int\u00e9gration du Royaume sur le continent.<\/p>\n<p>L\u2019objectif principal de ce partenariat est d\u2019accompagner activement le d\u00e9veloppement des entreprises marocaines en Afrique subsaharienne. Financ\u00e9 \u00e0 travers le <strong>Fonds d\u2019assistance technique pour les pays \u00e0 revenu interm\u00e9diaire<\/strong> (FAT-PRI), il permettra concr\u00e8tement de d\u00e9velopper une cartographie des \u00e9changes \u00e9conomiques et commerciaux intra-africains et aussi d\u2019organiser, en f\u00e9vrier 2020, un forum international d\u00e9di\u00e9 \u00e0 la petite et moyenne entreprise (PME). \u00ab\u00a0Ce <strong>partenariat<\/strong> est une premi\u00e8re du genre dans la mesure o\u00f9 c\u2019est la premi\u00e8re fois que la BAD signe un accord avec une organisation qui repr\u00e9sente le secteur. C\u2019est une initiative que nous avons prise et elle a \u00e9t\u00e9 concluante. Notre objectif est de renforcer davantage l\u2019int\u00e9gration de l\u2019<strong>entreprise marocaine<\/strong>, de la PME\/PMI\/TPE dans son environnement continental\u00a0\u00bb, a soulign\u00e9 Salaheddine Mezouar, Pr\u00e9sident de la <strong>CGEM<\/strong>.<\/p>\n<p>\u00ab\u00a0De nombreux efforts ont \u00e9t\u00e9 faits, ces derni\u00e8res ann\u00e9es, en termes d\u2019investissement des entreprises marocaines dans diff\u00e9rents secteurs. Ce sont des exp\u00e9riences r\u00e9ussies. Nous allons travailler davantage pour renforcer ce lien entre le tissu des PME\/PMI\/TPE. Et ceci devra d\u00e9boucher sur un mod\u00e8le qui va favoriser le co-investissement, les Joint-ventures, etc. Le secteur priv\u00e9 joue un r\u00f4le majeur dans le renforcement de la synergie mise en place pour acc\u00e9l\u00e9rer l\u2019industrialisation de l\u2019<strong>Afrique<\/strong>\u00a0\u00bb, a-t-il fait remarquer. Notons que ledit partenariat vient notamment appuyer la feuille de route d\u00e9finie par la Commission \u00ab Diplomatie \u00e9conomique, Afrique et Sud-Sud \u00bb de la CGEM.<\/p>\n<p>De son c\u00f4t\u00e9, Leila Farah Mokaddem, repr\u00e9sentante r\u00e9sidente de la BAD au Maroc, a pr\u00e9cis\u00e9 que le r\u00f4le du secteur priv\u00e9 marocain dans le processus d\u2019int\u00e9gration africaine est majeur. \u00ab\u00a0Nous sommes heureux d\u2019unir nos efforts avec la CGEM pour renforcer la coop\u00e9ration Sud-Sud. Le Maroc a r\u00e9ussi \u00e0 positionner son secteur priv\u00e9 pour jouer un r\u00f4le de premier plan et saisir les opportunit\u00e9s de co-d\u00e9veloppement en Afrique subsaharienne et positionner ses <strong>PME\/PMI<\/strong>. Et, nous \u00e0 la Banque Africaine de D\u00e9veloppement, nous consid\u00e9rons le secteur priv\u00e9 comme le moteur de la croissance du continent\u00a0\u00bb, a-t-elle conclu.<\/p>\n<div class=\"c17\">\n<fieldset class=\"c16\">\n<legend><strong><span class=\"c11\">Challenge<\/span><span class=\"c12\">news<\/span><\/strong><\/legend>\n<div class=\"c15\">Le meilleur de la r\u00e9daction s\u00e9lectionn\u00e9 par Challenge :<\/p>\n<\/div>\n<\/fieldset>\n<\/div>\n<p>Auteur: Roland Amoussou<br \/>\n<a href=\"https:\/\/www.challenge.ma\/secteur-prive-la-cgem-et-la-bad-main-dans-la-main-111203\/\">Cliquez ici pour lire l&rsquo;article depuis sa source.<\/a><\/p>\n","protected":false},"excerpt":{"rendered":"<p>C\u2019est une premi\u00e8re sur tout le continent africain. Le patronat marocain vient de signer un partenariat avec la Banque Africaine de D\u00e9veloppement (BAD). En vertu de cet accord, la BAD entend accompagner activement le d\u00e9veloppement des entreprises marocaines en Afrique subsaharienne.\u00a0 Le groupe de la Banque Africaine de D\u00e9veloppement et la Conf\u00e9d\u00e9ration g\u00e9n\u00e9rale des entreprises [&hellip;]<\/p>\n","protected":false},"author":1787,"featured_media":0,"comment_status":"closed","ping_status":"closed","sticky":false,"template":"","format":"standard","meta":{"fifu_image_url":"","fifu_image_alt":"","footnotes":""},"categories":[78,54],"tags":[],"class_list":["post-41943","post","type-post","status-publish","format-standard","hentry","category-economie","category-maroc"],"_links":{"self":[{"href":"https:\/\/linitiative.ca\/International\/wp-json\/wp\/v2\/posts\/41943","targetHints":{"allow":["GET"]}}],"collection":[{"href":"https:\/\/linitiative.ca\/International\/wp-json\/wp\/v2\/posts"}],"about":[{"href":"https:\/\/linitiative.ca\/International\/wp-json\/wp\/v2\/types\/post"}],"author":[{"embeddable":true,"href":"https:\/\/linitiative.ca\/International\/wp-json\/wp\/v2\/users\/1787"}],"replies":[{"embeddable":true,"href":"https:\/\/linitiative.ca\/International\/wp-json\/wp\/v2\/comments?post=41943"}],"version-history":[{"count":0,"href":"https:\/\/linitiative.ca\/International\/wp-json\/wp\/v2\/posts\/41943\/revisions"}],"wp:attachment":[{"href":"https:\/\/linitiative.ca\/International\/wp-json\/wp\/v2\/media?parent=41943"}],"wp:term":[{"taxonomy":"category","embeddable":true,"href":"https:\/\/linitiative.ca\/International\/wp-json\/wp\/v2\/categories?post=41943"},{"taxonomy":"post_tag","embeddable":true,"href":"https:\/\/linitiative.ca\/International\/wp-json\/wp\/v2\/tags?post=41943"}],"curies":[{"name":"wp","href":"https:\/\/api.w.org\/{rel}","templated":true}]}}