{"id":41944,"date":"2019-06-21T16:15:01","date_gmt":"2019-06-21T20:15:01","guid":{"rendered":"https:\/\/linitiative.ca\/International\/formation-professionnelle-voici-le-plan-daction-de-lalliance-africaine\/"},"modified":"2019-06-21T16:15:01","modified_gmt":"2019-06-21T20:15:01","slug":"formation-professionnelle-voici-le-plan-daction-de-lalliance-africaine","status":"publish","type":"post","link":"https:\/\/linitiative.ca\/International\/formation-professionnelle-voici-le-plan-daction-de-lalliance-africaine\/","title":{"rendered":"Formation professionnelle : voici le plan d\u2019action de l\u2019Alliance africaine"},"content":{"rendered":"<p><strong>Les participants au sommet africain de la formation professionnelle ont plaid\u00e9, vendredi \u00e0 Casablanca, pour le d\u00e9veloppement d\u2019une v\u00e9ritable politique en mati\u00e8re de formation professionnelle en Afrique, en vue de r\u00e9pondre aux d\u00e9fis de d\u00e9veloppement socio-\u00e9conomiques.<\/strong><\/p>\n<div class=\"c10\"\/>\n<p>Organis\u00e9 par l\u2019Office de la formation et de la promotion du travail (OFPPT), en partenariat avec la Banque Islamique de d\u00e9veloppement (BID), en marge de la premi\u00e8re assembl\u00e9e g\u00e9n\u00e9rale de l\u2019<strong>Alliance Africaine pour le D\u00e9veloppement de la Formation Professionnelle<\/strong> (ADEFOP), ce sommet a rassembl\u00e9 les acteurs institutionnels et politiques des \u00c9tats membres de l\u2019Alliance sur des th\u00e9matiques cl\u00e9s du d\u00e9veloppement africain de la formation professionnelle.<\/p>\n<p>L\u2019occasion pour le ministre de l\u2019\u00c9ducation nationale, de la Formation professionnelle, de l\u2019Enseignement sup\u00e9rieur et de la Recherche scientifique, Saaid Amzazi, d\u2019indiquer que ce sommet constitue une occasion propice pour explorer les perspectives d\u2019avenir de la <strong>formation professionnelle<\/strong> en Afrique dans le but d\u2019assurer l\u2019accompagnement des pays africains \u00e0 d\u00e9velopper une v\u00e9ritable politique de formation professionnelle.<\/p>\n<p>Saaid Amzazi, qui pr\u00e9side l\u2019assembl\u00e9e g\u00e9n\u00e9rale de l\u2019ADEFOP, a \u00e9galement affirm\u00e9 que cette initiative r\u00e9conforte la place du Maroc en tant qu\u2019interface entre l\u2019Europe et l\u2019Afrique, mais \u00e9galement de hub africaine en mati\u00e8re de d\u00e9veloppement de la formation professionnelle pour assurer la qualification de la jeunesse africaine, v\u00e9ritable richesse du continent.<\/p>\n<p>Lire aussi : <a href=\"https:\/\/www.challenge.ma\/formation-professionnelle-ce-qui-va-changer-109766\/\" target=\"_blank\" rel=\"noopener noreferrer\">Formation professionnelle : Ce qui va changer<\/a><\/p>\n<p>Pour la directrice g\u00e9n\u00e9rale de l\u2019<strong>OFPPT<\/strong>, Loubna Tricha, cet \u00e9v\u00e9nement, qui s\u2019inscrit dans la continuit\u00e9 du premier Forum africain sur la formation professionnelle, tenu en d\u00e9cembre dernier \u00e0 Dakhla sur la th\u00e9matique \u00ab\u00a0Gouvernance des syst\u00e8mes de formation professionnelle au service de l\u2019employabilit\u00e9 et de la comp\u00e9titivit\u00e9 en Afrique\u00a0\u00bb, est une plateforme d\u2019\u00e9change d\u2019expertise entre les pays participants, tous concern\u00e9s par le d\u00e9veloppement des comp\u00e9tences de la jeunesse africaine.<\/p>\n<p><img loading=\"lazy\" decoding=\"async\" class=\"size-large wp-image-111193\" src=\"https:\/\/www.challenge.ma\/wp-content\/uploads\/2019\/06\/Loubna-Tricha-DG-de-lOFPPT-et-Saaid-Amzazi-ministre-de-la-Formation-professionnelle-1024x681.jpg\" alt=\"\" width=\"1024\" height=\"681\" srcset=\"https:\/\/www.challenge.ma\/wp-content\/uploads\/2019\/06\/Loubna-Tricha-DG-de-lOFPPT-et-Saaid-Amzazi-ministre-de-la-Formation-professionnelle-1024x681.jpg 1024w, https:\/\/www.challenge.ma\/wp-content\/uploads\/2019\/06\/Loubna-Tricha-DG-de-lOFPPT-et-Saaid-Amzazi-ministre-de-la-Formation-professionnelle-300x199.jpg 300w, https:\/\/www.challenge.ma\/wp-content\/uploads\/2019\/06\/Loubna-Tricha-DG-de-lOFPPT-et-Saaid-Amzazi-ministre-de-la-Formation-professionnelle-768x510.jpg 768w, https:\/\/www.challenge.ma\/wp-content\/uploads\/2019\/06\/Loubna-Tricha-DG-de-lOFPPT-et-Saaid-Amzazi-ministre-de-la-Formation-professionnelle-360x239.jpg 360w, https:\/\/www.challenge.ma\/wp-content\/uploads\/2019\/06\/Loubna-Tricha-DG-de-lOFPPT-et-Saaid-Amzazi-ministre-de-la-Formation-professionnelle-750x498.jpg 750w, https:\/\/www.challenge.ma\/wp-content\/uploads\/2019\/06\/Loubna-Tricha-DG-de-lOFPPT-et-Saaid-Amzazi-ministre-de-la-Formation-professionnelle.jpg 1124w\" sizes=\"auto, (max-width: 1024px) 100vw, 1024px\"\/>Loubna Tricha, DG de l\u2019OFPPT et Saaid Amzazi, ministre de la Formation professionnelle<\/p>\n<p><strong>L\u2019ing\u00e9nierie comme fer de lance<\/strong><\/p>\n<p>Pr\u00e9sentant la vision et le <strong>plan d\u2019action<\/strong> de l\u2019ADEFOP, Loubna Tricha a affirm\u00e9 qu\u2019ils visent notamment \u00e0 stabiliser une ing\u00e9nierie de la formation initiale, d\u00e9velopper une ing\u00e9nierie de la formation continue, parvenir \u00e0 une certification africaine commune, mettre en \u0153uvre des programmes de coop\u00e9ration int\u00e9gr\u00e9s, et lancer des projets phares, favorisant le renforcement des comp\u00e9tences des jeunes et le d\u00e9veloppement socio-\u00e9conomique du continent.<\/p>\n<p>Pour sa part, le directeur du hub r\u00e9gional de la BID, Elwaleed Abdelaal Hamour, qui s\u2019est f\u00e9licit\u00e9 de la mise en place de ce cadre de partenariat entre les pays africains, a soulign\u00e9 l\u2019importance de cette initiative qui permettra de jeter les fondements d\u2019une coop\u00e9ration continentale solidaire et agissante, et faire valoir les atouts et les potentiels sp\u00e9cifiques des pays membres.<\/p>\n<p>Il a, \u00e9galement, mis l\u2019accent sur la n\u00e9cessit\u00e9 de renforcer les \u00e9changes et le partage des exp\u00e9riences entre les pays africains dans le domaine de la formation professionnelle, saluant dans ce sens le r\u00f4le de l\u2019OFPPT, consid\u00e9r\u00e9 comme chef de fil de la formation professionnelle en Afrique.<\/p>\n<p>Par ailleurs, cinq conventions portant sur le renforcement de la coop\u00e9ration multilat\u00e9rale en mati\u00e8re de formation professionnelle, ont \u00e9t\u00e9 sign\u00e9es, \u00e0 cette occasion, entre l\u2019OFPPT et l\u2019Agence marocaine de la coop\u00e9ration internationale (AMCI), d\u2019une part et les d\u00e9partements de tutelle de la R\u00e9publique Centrafricaine, le Ghana, le S\u00e9n\u00e9gal, le Soudan du Sud et le Cameroun, d\u2019autre part.<\/p>\n<p>Pour rappel, au terme de la premi\u00e8re assembl\u00e9e g\u00e9n\u00e9rale de l\u2019ADEFOP, tenue la veille, le Maroc, en la personne de la directrice g\u00e9n\u00e9rale de l\u2019OFPPT, Loubna Tricha, a \u00e9t\u00e9 \u00e9lu \u00e0 la t\u00eate de cette instance pour un mandat de trois ans.<\/p>\n<p>Lors de cette r\u00e9union, cinq autres pays ont int\u00e9gr\u00e9 l\u2019ADEFOP \u00e0 savoir Ghana, Soudan du Sud, Centrafrique, Congo Brazzaville et Madagascar. Cr\u00e9\u00e9e en 2017 entre 15 pays fondateurs, repr\u00e9sent\u00e9s par les instituions en charge de la formation professionnelle, l\u2019Alliance comprend le Maroc, le B\u00e9nin, le Burkina-Faso, le Cameroun, la C\u00f4te d\u2019Ivoire, Djibouti, le Gabon, la Guin\u00e9e, la Guin\u00e9e-Bissau, le Mali, la Mauritanie, le Niger, le S\u00e9n\u00e9gal, le Tchad et le Togo.<\/p>\n<p><strong>Avec MAP<\/strong><\/p>\n<div class=\"c17\">\n<fieldset class=\"c16\">\n<legend><strong><span class=\"c11\">Challenge<\/span><span class=\"c12\">news<\/span><\/strong><\/legend>\n<div class=\"c15\">Le meilleur de la r\u00e9daction s\u00e9lectionn\u00e9 par Challenge :<\/p>\n<\/div>\n<\/fieldset>\n<\/div>\n<p>Auteur: Karim Handaoui<br \/>\n<a href=\"https:\/\/www.challenge.ma\/formation-professionnelle-voici-le-plan-daction-de-lalliance-africaine-111192\/\">Cliquez ici pour lire l&rsquo;article depuis sa source.<\/a><\/p>\n","protected":false},"excerpt":{"rendered":"<p>Les participants au sommet africain de la formation professionnelle ont plaid\u00e9, vendredi \u00e0 Casablanca, pour le d\u00e9veloppement d\u2019une v\u00e9ritable politique en mati\u00e8re de formation professionnelle en Afrique, en vue de r\u00e9pondre aux d\u00e9fis de d\u00e9veloppement socio-\u00e9conomiques. Organis\u00e9 par l\u2019Office de la formation et de la promotion du travail (OFPPT), en partenariat avec la Banque Islamique [&hellip;]<\/p>\n","protected":false},"author":1787,"featured_media":41945,"comment_status":"closed","ping_status":"closed","sticky":false,"template":"","format":"standard","meta":{"fifu_image_url":"","fifu_image_alt":"","footnotes":""},"categories":[78,54],"tags":[],"class_list":["post-41944","post","type-post","status-publish","format-standard","has-post-thumbnail","hentry","category-economie","category-maroc"],"_links":{"self":[{"href":"https:\/\/linitiative.ca\/International\/wp-json\/wp\/v2\/posts\/41944","targetHints":{"allow":["GET"]}}],"collection":[{"href":"https:\/\/linitiative.ca\/International\/wp-json\/wp\/v2\/posts"}],"about":[{"href":"https:\/\/linitiative.ca\/International\/wp-json\/wp\/v2\/types\/post"}],"author":[{"embeddable":true,"href":"https:\/\/linitiative.ca\/International\/wp-json\/wp\/v2\/users\/1787"}],"replies":[{"embeddable":true,"href":"https:\/\/linitiative.ca\/International\/wp-json\/wp\/v2\/comments?post=41944"}],"version-history":[{"count":0,"href":"https:\/\/linitiative.ca\/International\/wp-json\/wp\/v2\/posts\/41944\/revisions"}],"wp:featuredmedia":[{"embeddable":true,"href":"https:\/\/linitiative.ca\/International\/wp-json\/"}],"wp:attachment":[{"href":"https:\/\/linitiative.ca\/International\/wp-json\/wp\/v2\/media?parent=41944"}],"wp:term":[{"taxonomy":"category","embeddable":true,"href":"https:\/\/linitiative.ca\/International\/wp-json\/wp\/v2\/categories?post=41944"},{"taxonomy":"post_tag","embeddable":true,"href":"https:\/\/linitiative.ca\/International\/wp-json\/wp\/v2\/tags?post=41944"}],"curies":[{"name":"wp","href":"https:\/\/api.w.org\/{rel}","templated":true}]}}