{"id":41956,"date":"2019-06-21T15:27:56","date_gmt":"2019-06-21T19:27:56","guid":{"rendered":"https:\/\/linitiative.ca\/International\/tunisie-urgent-bizerte-trois-inconnus-tirent-sur-la-sentinelle-de-la-caserne-de-menzel-jemil\/"},"modified":"2019-06-21T15:27:56","modified_gmt":"2019-06-21T19:27:56","slug":"tunisie-urgent-bizerte-trois-inconnus-tirent-sur-la-sentinelle-de-la-caserne-de-menzel-jemil","status":"publish","type":"post","link":"https:\/\/linitiative.ca\/International\/tunisie-urgent-bizerte-trois-inconnus-tirent-sur-la-sentinelle-de-la-caserne-de-menzel-jemil\/","title":{"rendered":"Tunisie \u2013 URGENT\u00a0: Bizerte\u00a0: Trois inconnus tirent sur la sentinelle de la caserne de Menzel Jemil"},"content":{"rendered":"<div class=\"post-cont-in left relative\">\n<div class=\"swp_social_panel swp_horizontal_panel swp_flat_fresh swp_default_full_color swp_individual_full_color swp_other_full_color scale-100 scale-\" data-min-width=\"1100\" data-float-color=\"#ffffff\" data-float=\"none\" data-float-mobile=\"none\" data-transition=\"slide\">\n<div class=\"nc_tweetContainer swp_share_button total_shares total_sharesalt\"><span class=\"swp_count\">103 <span class=\"swp_label\">Partages<\/span><\/span><\/div>\n<\/div>\n<p>Le porte parole de l\u2019arm\u00e9e nationale a confirm\u00e9 les informations faisant \u00e9tat d\u2019un \u00e9change de coups de feu aux alentours de la caserne de Menzel Jemil.<\/p>\n<p>Une des sentinelles qui montaient la garde autour de la caserne a \u00e9t\u00e9 cibl\u00e9e, ce soir, vers 17 heures, \u00a0par des coups de feu. Il a, aussit\u00f4t, r\u00e9agi en tirant dans la direction d\u2019o\u00f9 venait l\u2019attaque. Il a r\u00e9ussi \u00e0 blesser le tireur \u00e0 la jambe, tandis que les autres membres de la s\u00e9curit\u00e9 militaire ont r\u00e9ussi \u00e0 appr\u00e9hender ses deux accompagnants.<\/p>\n<div class=\"code-block code-block-1 c3\"><ins class=\"adsbygoogle c2\" data-ad-layout=\"in-article\" data-ad-format=\"fluid\" data-ad-client=\"ca-pub-2102118777505746\" data-ad-slot=\"7301775417\"\/> <\/div>\n<p>Les trois individus, ainsi que le fusil utilis\u00e9 et des munitions ont \u00e9t\u00e9 saisis et pr\u00e9sent\u00e9s aux regards du parquet.<\/p>\n<div class=\"mvp-org-wrap mvp-org-logo\" itemprop=\"publisher\" itemscope=\"\" itemtype=\"https:\/\/schema.org\/Organization\"><img decoding=\"async\" src=\"https:\/\/www.tunisienumerique.com\/wp-content\/uploads\/2017\/02\/logo_tunisie_numerique.png\"\/><\/div>\n<div class=\"swp_social_panel swp_horizontal_panel swp_flat_fresh swp_default_full_color swp_individual_full_color swp_other_full_color scale-100 scale-\" data-min-width=\"1100\" data-float-color=\"#ffffff\" data-float=\"none\" data-float-mobile=\"none\" data-transition=\"slide\">\n<div class=\"nc_tweetContainer swp_share_button total_shares total_sharesalt\"><span class=\"swp_count\">103 <span class=\"swp_label\">Partages<\/span><\/span><\/div>\n<\/div>\n<div class=\"mvp-related-posts left relative\">\n<h4 class=\"post-header\"><span class=\"post-header\">Lire aussi<\/span><\/h4>\n<\/div>\n<\/div>\n<p>Auteur: LM<br \/>\n<a href=\"https:\/\/www.tunisienumerique.com\/tunisie-urgent-bizerte-trois-inconnus-tirent-sur-la-sentinelle-de-la-caserne-de-menzel-jemil\/\">Cliquez ici pour lire l&rsquo;article depuis sa source.<\/a><\/p>\n","protected":false},"excerpt":{"rendered":"<p>103 Partages Le porte parole de l\u2019arm\u00e9e nationale a confirm\u00e9 les informations faisant \u00e9tat d\u2019un \u00e9change de coups de feu aux alentours de la caserne de Menzel Jemil. Une des sentinelles qui montaient la garde autour de la caserne a \u00e9t\u00e9 cibl\u00e9e, ce soir, vers 17 heures, \u00a0par des coups de feu. Il a, aussit\u00f4t, [&hellip;]<\/p>\n","protected":false},"author":1789,"featured_media":41957,"comment_status":"closed","ping_status":"closed","sticky":false,"template":"","format":"standard","meta":{"fifu_image_url":"","fifu_image_alt":"","footnotes":""},"categories":[73,55],"tags":[],"class_list":["post-41956","post","type-post","status-publish","format-standard","has-post-thumbnail","hentry","category-actualite","category-tunisie"],"_links":{"self":[{"href":"https:\/\/linitiative.ca\/International\/wp-json\/wp\/v2\/posts\/41956","targetHints":{"allow":["GET"]}}],"collection":[{"href":"https:\/\/linitiative.ca\/International\/wp-json\/wp\/v2\/posts"}],"about":[{"href":"https:\/\/linitiative.ca\/International\/wp-json\/wp\/v2\/types\/post"}],"author":[{"embeddable":true,"href":"https:\/\/linitiative.ca\/International\/wp-json\/wp\/v2\/users\/1789"}],"replies":[{"embeddable":true,"href":"https:\/\/linitiative.ca\/International\/wp-json\/wp\/v2\/comments?post=41956"}],"version-history":[{"count":0,"href":"https:\/\/linitiative.ca\/International\/wp-json\/wp\/v2\/posts\/41956\/revisions"}],"wp:featuredmedia":[{"embeddable":true,"href":"https:\/\/linitiative.ca\/International\/wp-json\/"}],"wp:attachment":[{"href":"https:\/\/linitiative.ca\/International\/wp-json\/wp\/v2\/media?parent=41956"}],"wp:term":[{"taxonomy":"category","embeddable":true,"href":"https:\/\/linitiative.ca\/International\/wp-json\/wp\/v2\/categories?post=41956"},{"taxonomy":"post_tag","embeddable":true,"href":"https:\/\/linitiative.ca\/International\/wp-json\/wp\/v2\/tags?post=41956"}],"curies":[{"name":"wp","href":"https:\/\/api.w.org\/{rel}","templated":true}]}}