{"id":41960,"date":"2019-06-21T15:45:03","date_gmt":"2019-06-21T19:45:03","guid":{"rendered":"https:\/\/linitiative.ca\/International\/tunisie-bce-maintenu-en-observation-a-lhopital-militaire-mais-il-va-tres-bien\/"},"modified":"2019-06-21T15:45:03","modified_gmt":"2019-06-21T19:45:03","slug":"tunisie-bce-maintenu-en-observation-a-lhopital-militaire-mais-il-va-tres-bien","status":"publish","type":"post","link":"https:\/\/linitiative.ca\/International\/tunisie-bce-maintenu-en-observation-a-lhopital-militaire-mais-il-va-tres-bien\/","title":{"rendered":"Tunisie \u2013 BCE maintenu en observation \u00e0 l\u2019h\u00f4pital militaire, mais il va tr\u00e8s bien\u00a0!"},"content":{"rendered":"<div class=\"post-cont-in left relative\">\n<div class=\"swp_social_panel swp_horizontal_panel swp_flat_fresh swp_default_full_color swp_individual_full_color swp_other_full_color scale-100 scale-\" data-min-width=\"1100\" data-float-color=\"#ffffff\" data-float=\"none\" data-float-mobile=\"none\" data-transition=\"slide\">\n<div class=\"nc_tweetContainer swp_share_button total_shares total_sharesalt\"><span class=\"swp_count\">120 <span class=\"swp_label\">Partages<\/span><\/span><\/div>\n<\/div>\n<p>TunisieNumerique vient d\u2019apprendre que le pr\u00e9sident de la R\u00e9publique vient d\u2019\u00eatre admis \u00e0 l\u2019h\u00f4pital militaire de Tunis, suite \u00e0 une l\u00e9g\u00e8re intoxication alimentaire accompagn\u00e9e de fi\u00e8vre.<\/p>\n<p>Son \u00e9tat est strictement normal, et va tr\u00e8s bien, mais ses m\u00e9decins ont pr\u00e9f\u00e9r\u00e9 le garder en observation pendant quelques heures\u00a0!<\/p>\n<div class=\"code-block code-block-1 c3\"><ins class=\"adsbygoogle c2\" data-ad-layout=\"in-article\" data-ad-format=\"fluid\" data-ad-client=\"ca-pub-2102118777505746\" data-ad-slot=\"7301775417\"\/> <\/div>\n<div class=\"mvp-org-wrap mvp-org-logo\" itemprop=\"publisher\" itemscope=\"\" itemtype=\"https:\/\/schema.org\/Organization\"><img decoding=\"async\" src=\"https:\/\/www.tunisienumerique.com\/wp-content\/uploads\/2017\/02\/logo_tunisie_numerique.png\"\/><\/div>\n<div class=\"swp_social_panel swp_horizontal_panel swp_flat_fresh swp_default_full_color swp_individual_full_color swp_other_full_color scale-100 scale-\" data-min-width=\"1100\" data-float-color=\"#ffffff\" data-float=\"none\" data-float-mobile=\"none\" data-transition=\"slide\">\n<div class=\"nc_tweetContainer swp_share_button total_shares total_sharesalt\"><span class=\"swp_count\">120 <span class=\"swp_label\">Partages<\/span><\/span><\/div>\n<\/div>\n<div class=\"mvp-related-posts left relative\">\n<h4 class=\"post-header\"><span class=\"post-header\">Lire aussi<\/span><\/h4>\n<\/div>\n<\/div>\n<p>Auteur: LM<br \/>\n<a href=\"https:\/\/www.tunisienumerique.com\/tunisie-bce-maintenu-en-observation-a-lhopital-militaire-mais-il-va-tres-bien\/\">Cliquez ici pour lire l&rsquo;article depuis sa source.<\/a><\/p>\n","protected":false},"excerpt":{"rendered":"<p>120 Partages TunisieNumerique vient d\u2019apprendre que le pr\u00e9sident de la R\u00e9publique vient d\u2019\u00eatre admis \u00e0 l\u2019h\u00f4pital militaire de Tunis, suite \u00e0 une l\u00e9g\u00e8re intoxication alimentaire accompagn\u00e9e de fi\u00e8vre. Son \u00e9tat est strictement normal, et va tr\u00e8s bien, mais ses m\u00e9decins ont pr\u00e9f\u00e9r\u00e9 le garder en observation pendant quelques heures\u00a0! 120 Partages Lire aussi Auteur: LM [&hellip;]<\/p>\n","protected":false},"author":1789,"featured_media":41961,"comment_status":"closed","ping_status":"closed","sticky":false,"template":"","format":"standard","meta":{"fifu_image_url":"","fifu_image_alt":"","footnotes":""},"categories":[73,55],"tags":[],"class_list":["post-41960","post","type-post","status-publish","format-standard","has-post-thumbnail","hentry","category-actualite","category-tunisie"],"_links":{"self":[{"href":"https:\/\/linitiative.ca\/International\/wp-json\/wp\/v2\/posts\/41960","targetHints":{"allow":["GET"]}}],"collection":[{"href":"https:\/\/linitiative.ca\/International\/wp-json\/wp\/v2\/posts"}],"about":[{"href":"https:\/\/linitiative.ca\/International\/wp-json\/wp\/v2\/types\/post"}],"author":[{"embeddable":true,"href":"https:\/\/linitiative.ca\/International\/wp-json\/wp\/v2\/users\/1789"}],"replies":[{"embeddable":true,"href":"https:\/\/linitiative.ca\/International\/wp-json\/wp\/v2\/comments?post=41960"}],"version-history":[{"count":0,"href":"https:\/\/linitiative.ca\/International\/wp-json\/wp\/v2\/posts\/41960\/revisions"}],"wp:featuredmedia":[{"embeddable":true,"href":"https:\/\/linitiative.ca\/International\/wp-json\/"}],"wp:attachment":[{"href":"https:\/\/linitiative.ca\/International\/wp-json\/wp\/v2\/media?parent=41960"}],"wp:term":[{"taxonomy":"category","embeddable":true,"href":"https:\/\/linitiative.ca\/International\/wp-json\/wp\/v2\/categories?post=41960"},{"taxonomy":"post_tag","embeddable":true,"href":"https:\/\/linitiative.ca\/International\/wp-json\/wp\/v2\/tags?post=41960"}],"curies":[{"name":"wp","href":"https:\/\/api.w.org\/{rel}","templated":true}]}}