{"id":41962,"date":"2019-06-21T16:32:13","date_gmt":"2019-06-21T20:32:13","guid":{"rendered":"https:\/\/linitiative.ca\/International\/tunisie-jendouba-la-foudre-declenche-un-incendie-qui-ravage-20-hectares-de-grandes-cultures\/"},"modified":"2019-06-21T16:32:13","modified_gmt":"2019-06-21T20:32:13","slug":"tunisie-jendouba-la-foudre-declenche-un-incendie-qui-ravage-20-hectares-de-grandes-cultures","status":"publish","type":"post","link":"https:\/\/linitiative.ca\/International\/tunisie-jendouba-la-foudre-declenche-un-incendie-qui-ravage-20-hectares-de-grandes-cultures\/","title":{"rendered":"Tunisie \u2013 Jendouba\u00a0: La foudre d\u00e9clenche un incendie qui ravage 20 hectares de grandes cultures"},"content":{"rendered":"<div class=\"post-cont-in left relative\">\n<div class=\"swp_social_panel swp_horizontal_panel swp_flat_fresh swp_default_full_color swp_individual_full_color swp_other_full_color scale-100 scale-\" data-min-width=\"1100\" data-float-color=\"#ffffff\" data-float=\"none\" data-float-mobile=\"none\" data-transition=\"slide\">\n<div class=\"nc_tweetContainer swp_share_button total_shares total_sharesalt\"><span class=\"swp_count\">64 <span class=\"swp_label\">Partages<\/span><\/span><\/div>\n<\/div>\n<p>Un \u00e9norme incendie, le plus important, cette saison, au gouvernorat de Jendouba, vient de se d\u00e9clencher dans la r\u00e9gion de Bullar\u00e9gia .Il a ravag\u00e9 plus de 20 hectares de cultures c\u00e9r\u00e9ali\u00e8res avant d\u2019\u00eatre\u00a0 circonscrit parles agents de la protection civile.<\/p>\n<p>Selon des t\u00e9moins, c\u2019est une foudre qui a d\u00e9clench\u00e9 le sinistre en frappant le champ au cours du passage d\u2019un orage.<\/p>\n<div class=\"code-block code-block-1 c3\"><ins class=\"adsbygoogle c2\" data-ad-layout=\"in-article\" data-ad-format=\"fluid\" data-ad-client=\"ca-pub-2102118777505746\" data-ad-slot=\"7301775417\"\/> <\/div>\n<div class=\"mvp-org-wrap mvp-org-logo\" itemprop=\"publisher\" itemscope=\"\" itemtype=\"https:\/\/schema.org\/Organization\"><img decoding=\"async\" src=\"https:\/\/www.tunisienumerique.com\/wp-content\/uploads\/2017\/02\/logo_tunisie_numerique.png\"\/><\/div>\n<div class=\"swp_social_panel swp_horizontal_panel swp_flat_fresh swp_default_full_color swp_individual_full_color swp_other_full_color scale-100 scale-\" data-min-width=\"1100\" data-float-color=\"#ffffff\" data-float=\"none\" data-float-mobile=\"none\" data-transition=\"slide\">\n<div class=\"nc_tweetContainer swp_share_button total_shares total_sharesalt\"><span class=\"swp_count\">64 <span class=\"swp_label\">Partages<\/span><\/span><\/div>\n<\/div>\n<div class=\"mvp-related-posts left relative\">\n<h4 class=\"post-header\"><span class=\"post-header\">Lire aussi<\/span><\/h4>\n<\/div>\n<\/div>\n<p>Auteur: LM<br \/>\n<a href=\"https:\/\/www.tunisienumerique.com\/tunisie-jendouba-la-foudre-declenche-un-incendie-qui-ravage-20-hectares-de-grandes-cultures\/\">Cliquez ici pour lire l&rsquo;article depuis sa source.<\/a><\/p>\n","protected":false},"excerpt":{"rendered":"<p>64 Partages Un \u00e9norme incendie, le plus important, cette saison, au gouvernorat de Jendouba, vient de se d\u00e9clencher dans la r\u00e9gion de Bullar\u00e9gia .Il a ravag\u00e9 plus de 20 hectares de cultures c\u00e9r\u00e9ali\u00e8res avant d\u2019\u00eatre\u00a0 circonscrit parles agents de la protection civile. Selon des t\u00e9moins, c\u2019est une foudre qui a d\u00e9clench\u00e9 le sinistre en frappant [&hellip;]<\/p>\n","protected":false},"author":1789,"featured_media":41963,"comment_status":"closed","ping_status":"closed","sticky":false,"template":"","format":"standard","meta":{"fifu_image_url":"","fifu_image_alt":"","footnotes":""},"categories":[73,55],"tags":[],"class_list":["post-41962","post","type-post","status-publish","format-standard","has-post-thumbnail","hentry","category-actualite","category-tunisie"],"_links":{"self":[{"href":"https:\/\/linitiative.ca\/International\/wp-json\/wp\/v2\/posts\/41962","targetHints":{"allow":["GET"]}}],"collection":[{"href":"https:\/\/linitiative.ca\/International\/wp-json\/wp\/v2\/posts"}],"about":[{"href":"https:\/\/linitiative.ca\/International\/wp-json\/wp\/v2\/types\/post"}],"author":[{"embeddable":true,"href":"https:\/\/linitiative.ca\/International\/wp-json\/wp\/v2\/users\/1789"}],"replies":[{"embeddable":true,"href":"https:\/\/linitiative.ca\/International\/wp-json\/wp\/v2\/comments?post=41962"}],"version-history":[{"count":0,"href":"https:\/\/linitiative.ca\/International\/wp-json\/wp\/v2\/posts\/41962\/revisions"}],"wp:featuredmedia":[{"embeddable":true,"href":"https:\/\/linitiative.ca\/International\/wp-json\/"}],"wp:attachment":[{"href":"https:\/\/linitiative.ca\/International\/wp-json\/wp\/v2\/media?parent=41962"}],"wp:term":[{"taxonomy":"category","embeddable":true,"href":"https:\/\/linitiative.ca\/International\/wp-json\/wp\/v2\/categories?post=41962"},{"taxonomy":"post_tag","embeddable":true,"href":"https:\/\/linitiative.ca\/International\/wp-json\/wp\/v2\/tags?post=41962"}],"curies":[{"name":"wp","href":"https:\/\/api.w.org\/{rel}","templated":true}]}}