{"id":41964,"date":"2019-06-21T16:58:30","date_gmt":"2019-06-21T20:58:30","guid":{"rendered":"https:\/\/linitiative.ca\/International\/une-deputee-dorigine-tunisienne-a-lassemblee-nationale-francaise-denonce-les-manoeuvres-de-nabil-karoui-et-defend-lamendement-de-la-loi\/"},"modified":"2019-06-21T16:58:30","modified_gmt":"2019-06-21T20:58:30","slug":"une-deputee-dorigine-tunisienne-a-lassemblee-nationale-francaise-denonce-les-manoeuvres-de-nabil-karoui-et-defend-lamendement-de-la-loi","status":"publish","type":"post","link":"https:\/\/linitiative.ca\/International\/une-deputee-dorigine-tunisienne-a-lassemblee-nationale-francaise-denonce-les-manoeuvres-de-nabil-karoui-et-defend-lamendement-de-la-loi\/","title":{"rendered":"Une d\u00e9put\u00e9e d\u2019origine tunisienne \u00e0 l\u2019assembl\u00e9e nationale fran\u00e7aise d\u00e9nonce les man\u0153uvres de Nabil Karoui et d\u00e9fend l\u2019amendement de la loi"},"content":{"rendered":"<div class=\"post-cont-in left relative\">\n<div class=\"swp_social_panel swp_horizontal_panel swp_flat_fresh swp_default_full_color swp_individual_full_color swp_other_full_color scale-100 scale-\" data-min-width=\"1100\" data-float-color=\"#ffffff\" data-float=\"none\" data-float-mobile=\"none\" data-transition=\"slide\">\n<div class=\"nc_tweetContainer swp_share_button total_shares total_sharesalt\"><span class=\"swp_count\">1 <span class=\"swp_label\">Partages<\/span><\/span><\/div>\n<\/div>\n<p>La d\u00e9put\u00e9e franco-tunisienne Sonia Krimi est intervenue, hier, devant la Commission des Affaires Etrang\u00e8res de l\u2019assembl\u00e9e fran\u00e7aise, pour d\u00e9fendre l\u2019amendement de la loi \u00e9lectorale qui venait d\u2019\u00eatre approuv\u00e9 par l\u2019ARP \u00e0 Tunis. Sonia Krimi a indiqu\u00e9 que texte du projet d\u2019amendement de la loi \u00e9lectorale date de neuf mois et que selon ses informations, ce n\u2019est pas la Pr\u00e9sidence du gouvernement qui \u00e9tait derri\u00e8re ce texte, mais, bien, la pr\u00e9sidence de la R\u00e9publique.<\/p>\n<p>La d\u00e9put\u00e9e a insist\u00e9 sur la n\u00e9cessit\u00e9 de dissocier les activit\u00e9s politiques et \u00a0tout travail associatif. Sinon, a-t-elle expliqu\u00e9, les \u00e9lections seront fauss\u00e9es\u2026 Elle a, dans ce sens, explicitement d\u00e9nonc\u00e9 les man\u0153uvres illicites de Nabil Karoui.<\/p>\n<div class=\"code-block code-block-1 c3\"><ins class=\"adsbygoogle c2\" data-ad-layout=\"in-article\" data-ad-format=\"fluid\" data-ad-client=\"ca-pub-2102118777505746\" data-ad-slot=\"7301775417\"\/> <\/div>\n<p>L\u2019intervention de notre compatriote \u00e0 l\u2019assembl\u00e9e nationale fran\u00e7aise a \u00e9t\u00e9 largement approuv\u00e9e par l\u2019assistance, et notamment, la pr\u00e9sidente de la Commission des Affaires \u00c9trang\u00e8res \u00e0 l\u2019Assembl\u00e9e, Mme de Sarnez.<\/p>\n<div class=\"mvp-org-wrap mvp-org-logo\" itemprop=\"publisher\" itemscope=\"\" itemtype=\"https:\/\/schema.org\/Organization\"><img decoding=\"async\" src=\"https:\/\/www.tunisienumerique.com\/wp-content\/uploads\/2017\/02\/logo_tunisie_numerique.png\"\/><\/div>\n<div class=\"swp_social_panel swp_horizontal_panel swp_flat_fresh swp_default_full_color swp_individual_full_color swp_other_full_color scale-100 scale-\" data-min-width=\"1100\" data-float-color=\"#ffffff\" data-float=\"none\" data-float-mobile=\"none\" data-transition=\"slide\">\n<div class=\"nc_tweetContainer swp_share_button total_shares total_sharesalt\"><span class=\"swp_count\">1 <span class=\"swp_label\">Partages<\/span><\/span><\/div>\n<\/div>\n<div class=\"mvp-related-posts left relative\">\n<h4 class=\"post-header\"><span class=\"post-header\">Lire aussi<\/span><\/h4>\n<\/div>\n<\/div>\n<p>Auteur: LM<br \/>\n<a href=\"https:\/\/www.tunisienumerique.com\/une-deputee-dorigine-tunisienne-a-lassemblee-nationale-francaise-denonce-les-manoeuvres-de-nabil-karoui-et-defend-lamendement-de-la-loi\/\">Cliquez ici pour lire l&rsquo;article depuis sa source.<\/a><\/p>\n","protected":false},"excerpt":{"rendered":"<p>1 Partages La d\u00e9put\u00e9e franco-tunisienne Sonia Krimi est intervenue, hier, devant la Commission des Affaires Etrang\u00e8res de l\u2019assembl\u00e9e fran\u00e7aise, pour d\u00e9fendre l\u2019amendement de la loi \u00e9lectorale qui venait d\u2019\u00eatre approuv\u00e9 par l\u2019ARP \u00e0 Tunis. Sonia Krimi a indiqu\u00e9 que texte du projet d\u2019amendement de la loi \u00e9lectorale date de neuf mois et que selon ses [&hellip;]<\/p>\n","protected":false},"author":1789,"featured_media":41965,"comment_status":"closed","ping_status":"closed","sticky":false,"template":"","format":"standard","meta":{"fifu_image_url":"","fifu_image_alt":"","footnotes":""},"categories":[73,55],"tags":[],"class_list":["post-41964","post","type-post","status-publish","format-standard","has-post-thumbnail","hentry","category-actualite","category-tunisie"],"_links":{"self":[{"href":"https:\/\/linitiative.ca\/International\/wp-json\/wp\/v2\/posts\/41964","targetHints":{"allow":["GET"]}}],"collection":[{"href":"https:\/\/linitiative.ca\/International\/wp-json\/wp\/v2\/posts"}],"about":[{"href":"https:\/\/linitiative.ca\/International\/wp-json\/wp\/v2\/types\/post"}],"author":[{"embeddable":true,"href":"https:\/\/linitiative.ca\/International\/wp-json\/wp\/v2\/users\/1789"}],"replies":[{"embeddable":true,"href":"https:\/\/linitiative.ca\/International\/wp-json\/wp\/v2\/comments?post=41964"}],"version-history":[{"count":0,"href":"https:\/\/linitiative.ca\/International\/wp-json\/wp\/v2\/posts\/41964\/revisions"}],"wp:featuredmedia":[{"embeddable":true,"href":"https:\/\/linitiative.ca\/International\/wp-json\/"}],"wp:attachment":[{"href":"https:\/\/linitiative.ca\/International\/wp-json\/wp\/v2\/media?parent=41964"}],"wp:term":[{"taxonomy":"category","embeddable":true,"href":"https:\/\/linitiative.ca\/International\/wp-json\/wp\/v2\/categories?post=41964"},{"taxonomy":"post_tag","embeddable":true,"href":"https:\/\/linitiative.ca\/International\/wp-json\/wp\/v2\/tags?post=41964"}],"curies":[{"name":"wp","href":"https:\/\/api.w.org\/{rel}","templated":true}]}}