{"id":41970,"date":"2019-06-21T14:18:05","date_gmt":"2019-06-21T18:18:05","guid":{"rendered":"https:\/\/linitiative.ca\/International\/can-2019-11-selectionneurs-africains-face-a-la-legion-dexpatries\/"},"modified":"2019-06-21T14:18:05","modified_gmt":"2019-06-21T18:18:05","slug":"can-2019-11-selectionneurs-africains-face-a-la-legion-dexpatries","status":"publish","type":"post","link":"https:\/\/linitiative.ca\/International\/can-2019-11-selectionneurs-africains-face-a-la-legion-dexpatries\/","title":{"rendered":"CAN 2019 : 11 s\u00e9lectionneurs africains face \u00e0 la l\u00e9gion d\u2019expatri\u00e9s"},"content":{"rendered":"<div readability=\"32\">\n<p>Publi\u00e9 le 21.06.2019 \u00e0 19h18 par APA News<\/p>\n<\/div>\n<div readability=\"135\">\n<p>Onze entraineurs africains seront sur les bancs des \u00e9quipes participant \u00e0 la Coupe d\u2019Afrique des nations (CAN) de football qui d\u00e9bute ce soir en Egypte o\u00f9 ils tenteront, face \u00e0 l\u2019armada de techniciens expatri\u00e9s de soulever le troph\u00e9e continental au soir du 19 juillet.Longtemps marginalis\u00e9s au profit des \u00ab\u00a0sorciers blancs\u00a0\u00bb, souvent \u00e0 dipl\u00f4me \u00e9gal, les techniciens locaux sont, de plus en plus, sollicit\u00e9s pour coacher les \u00a0s\u00e9lections nationales du continent. A la derni\u00e8re CAN (\u00e0 16 \u00e9quipes) au Gabon, ils \u00e9taient quatre \u00e0 d\u00e9fendre leurs comp\u00e9tences face aux \u00abexpatri\u00e9s \u00bb commencent \u00e0 gagner la confiance des f\u00e9d\u00e9rations africaines pour encadrer les \u00e9quipes nationales.\u00a0<\/p>\n<p>Pour cette 32\u00e8 \u00e9dition de la CAN (la premi\u00e8re avec 24 \u00e9quipes), ce sont 11 Africains \u00a0qui dirigeront l\u2019encadrement technique sur le banc des s\u00e9lections avec une mention sp\u00e9ciale \u00e0 la Tanzanie qui a fait confiance au Nig\u00e9rian Emmanuel Amunik\u00e9 \u00e0 la t\u00eate des \u00ab Etoiles du Kilimandjaro \u00bb, l\u2019\u00e9quipe nationale du pays.<\/p>\n<p>La R\u00e9publique d\u00e9mocratique du Congo (RDC) continue de faire confiance \u00e0 \u00a0Florent Ibenge, un fils du pays, en poste depuis 2014. Il est l\u2019entra\u00eeneur africain avec la plus longue long\u00e9vit\u00e9 sur un \u00a0banc de touche.\u00a0\u00a0<\/p>\n<p>Pour le S\u00e9n\u00e9gal, on ne change pas une \u00e9quipe qui gagne avec \u00a0continue de faire confiance \u00e0 l\u2019excellent Aliou Ciss\u00e9 \u00a0qui, depuis son arriv\u00e9e en 2015 \u00e0 la t\u00eate des Lions de la Teranga, a bonifi\u00e9 la s\u00e9lection de son pays qui domine le football africain au classement FIFA depuis \u00a0au moins un trimestre.\u00a0<\/p>\n<p>Kamara Ibrahim Kamso poursuit sa mission de \u00ab redressement \u00bb de la s\u00e9lection ivoirienne qui court apr\u00e8s une troisi\u00e8me \u00e9toile. Apr\u00e8s avoir \u00e9t\u00e9 adjoint lors des deux derni\u00e8res \u00e9ditions, Kamso, le philosophe a pris le pouvoir \u00e0 la t\u00eate des El\u00e9phants. A la diff\u00e9rence de l\u2019\u00e9conomiste malien Mohamed Magassouba, l\u2019int\u00e9rimaire pour conduire la 11\u00e8 campagne de son pays aux pieds des Pyramides.<\/p>\n<p>Kwesi Appiah, l\u2019ex-attaquant de Cristal Palace (Premier league) sera avec ses boys des Black stars du Ghana quand Ricardo Manneti le Namibien conduira les \u00ab Brave Warriors \u00bb de son pays comme Sunday Childzambawa, Djamel Belmaldi, Olivier Niyungeko \u00a0et Baciro Cand\u00e9 d\u00e9fendront les couleurs de leur pays respectif, le Zimbabwe, l\u2019Alg\u00e9rie, le Burundi et la Guin\u00e9e Bissau<\/p>\n<p>Chacun de ses onze s\u00e9lectionneurs africains r\u00eave de succ\u00e9der au Nig\u00e9rian feu Stephen Keshi, vainqueur de la CAN 2013 avec son pays, au palmar\u00e8s des techniciens africains \u00e0 avoir remporter le troph\u00e9e continental.\u00a0<\/p>\n<p>En face de nos \u00ab\u00a0locaux\u00a0\u00bb, se dresse une l\u00e9gion d\u2019expatri\u00e9s, \u00ab\u00a0des chasseurs de primes\u00a0\u00bb conduite par des techniciens fran\u00e7ais dont certains ont d\u00e9j\u00e0 essuy\u00e9, \u00e0 plusieurs reprises, leur post\u00e9rieur sur les bancs de s\u00e9lections africaines sans r\u00e9sultats probants.<\/p>\n<p>\u00a0C\u2019est le cas d\u2019Alain Giresse qui est pass\u00e9 par le Mali, le Gabon et le S\u00e9n\u00e9gal avant d\u2019\u00eatre aux commandes des Aigles de Carthage de Tunisie pour cette campagne. \u00a0\u00a0<\/p>\n<p>Son compatriote Michel Dussuyer, s\u00e9lectionneur du B\u00e9nin n\u2019a pas fait mieux \u00e0 la t\u00eate de la C\u00f4te d\u2019Ivoire et de la Guin\u00e9e tout comme S\u00e9bastien Mign\u00e9, aujourd\u2019hui, coach du Kenya apr\u00e8s le Congo. Il en est, \u00e9galement, de m\u00eame pour le Franco-allemand Gernot Rohr qui apr\u00e8s les interm\u00e8des au Gabon, au Niger et au Burkina Faso, tentera de se relancer avec le Nig\u00e9ria.\u00a0<\/p>\n<p>Dans cette grisaille de \u00ab\u00a0globe-trotter\u00a0\u00bb, seul le Fran\u00e7ais Herv\u00e9 Renard, s\u00e9lectionneur des Lions de l\u2019Atlas du Maroc a connu le succ\u00e8s avec les s\u00e9lections qu\u2019il a eues \u00e0 coacher. Vainqueur de la CAN avec la Zambie en 2012 puis avec la C\u00f4te d\u2019Ivoire en 2015.\u00a0<\/p>\n<p>Le \u00a0pays organisateur, l\u2019Egypte, a mis\u00e9 sur le Mexicain Javier Aguirre (61 \u00a0ans) qui a coach\u00e9 la s\u00e9lection de son pays lors des coupes du monde 1986 et \u00a02002 \u00a0pour tenter de s\u2019imposer \u00e0 domicile dans \u00a0la comp\u00e9tition dont il est l\u2019un des grandissimes favoris. Le Serbe Srdjan Vasilevic et l\u2019Ecossais Stuart \u00a0Baxter dirigeront, respectivement, les s\u00e9lections d\u2019Angola et de l\u2019Afrique du Sud.<\/p>\n<p>La grande curiosit\u00e9 de la CAN \u00e9gyptienne sera, sans doute, le N\u00e9erlandais Clarence Seedorf \u00e0 la t\u00eate des champions d\u2019Afrique en titre, les Lions Indomptables du Cameroun. Un gros challenge pour l\u2019ancien joueur du Milan AC et du Real Madrid. Pour le Belge Paul Put, l\u2019aventure en Afrique de l\u2019Ouest continue pour atterrir en Guin\u00e9e \u00e0 la t\u00eate du \u00a0Syli National apr\u00e8s les Etalons du Burkina Faso.\u00a0<\/p>\n<\/div>\n<p>Auteur: APA News<br \/>\n<a href=\"https:\/\/www.journalducameroun.com\/can-2019-11-selectionneurs-africains-face-a-la-legion-dexpatries\/\">Cliquez ici pour lire l&rsquo;article depuis sa source.<\/a><\/p>\n","protected":false},"excerpt":{"rendered":"<p>Publi\u00e9 le 21.06.2019 \u00e0 19h18 par APA News Onze entraineurs africains seront sur les bancs des \u00e9quipes participant \u00e0 la Coupe d\u2019Afrique des nations (CAN) de football qui d\u00e9bute ce soir en Egypte o\u00f9 ils tenteront, face \u00e0 l\u2019armada de techniciens expatri\u00e9s de soulever le troph\u00e9e continental au soir du 19 juillet.Longtemps marginalis\u00e9s au profit [&hellip;]<\/p>\n","protected":false},"author":1965,"featured_media":0,"comment_status":"closed","ping_status":"closed","sticky":false,"template":"","format":"standard","meta":{"fifu_image_url":"","fifu_image_alt":"","footnotes":""},"categories":[73,82],"tags":[],"class_list":["post-41970","post","type-post","status-publish","format-standard","hentry","category-actualite","category-cameroun"],"_links":{"self":[{"href":"https:\/\/linitiative.ca\/International\/wp-json\/wp\/v2\/posts\/41970","targetHints":{"allow":["GET"]}}],"collection":[{"href":"https:\/\/linitiative.ca\/International\/wp-json\/wp\/v2\/posts"}],"about":[{"href":"https:\/\/linitiative.ca\/International\/wp-json\/wp\/v2\/types\/post"}],"author":[{"embeddable":true,"href":"https:\/\/linitiative.ca\/International\/wp-json\/wp\/v2\/users\/1965"}],"replies":[{"embeddable":true,"href":"https:\/\/linitiative.ca\/International\/wp-json\/wp\/v2\/comments?post=41970"}],"version-history":[{"count":0,"href":"https:\/\/linitiative.ca\/International\/wp-json\/wp\/v2\/posts\/41970\/revisions"}],"wp:attachment":[{"href":"https:\/\/linitiative.ca\/International\/wp-json\/wp\/v2\/media?parent=41970"}],"wp:term":[{"taxonomy":"category","embeddable":true,"href":"https:\/\/linitiative.ca\/International\/wp-json\/wp\/v2\/categories?post=41970"},{"taxonomy":"post_tag","embeddable":true,"href":"https:\/\/linitiative.ca\/International\/wp-json\/wp\/v2\/tags?post=41970"}],"curies":[{"name":"wp","href":"https:\/\/api.w.org\/{rel}","templated":true}]}}