{"id":41973,"date":"2019-06-21T14:50:04","date_gmt":"2019-06-21T18:50:04","guid":{"rendered":"https:\/\/linitiative.ca\/International\/mali-manifestation-a-bamako-pour-dire-stop-aux-massacres\/"},"modified":"2019-06-21T14:50:04","modified_gmt":"2019-06-21T18:50:04","slug":"mali-manifestation-a-bamako-pour-dire-stop-aux-massacres","status":"publish","type":"post","link":"https:\/\/linitiative.ca\/International\/mali-manifestation-a-bamako-pour-dire-stop-aux-massacres\/","title":{"rendered":"Mali: manifestation \u00e0 Bamako pour dire \u00ab\u00a0stop\u00a0\u00bb aux massacres"},"content":{"rendered":"<div readability=\"32\">\n<p>Publi\u00e9 le 21.06.2019 \u00e0 19h50 par AFP<\/p>\n<\/div>\n<div readability=\"96\">\n<p>Entre 3.000 personnes, selon la police, et 5.000, selon les organisateurs, ont manifest\u00e9 vendredi \u00e0 Bamako pour dire \u00ab\u00a0stop\u00a0\u00bb aux violences dans le centre du Mali, o\u00f9 les massacres se multiplient, alors que le chef des op\u00e9rations de maintien de la paix de l\u2019ONU ach\u00e8ve une visite dans le pays.<\/p>\n<p>Depuis l\u2019apparition en 2015 dans cette r\u00e9gion du groupe jihadiste du pr\u00e9dicateur Amadou Koufa, recrutant prioritairement parmi les Peuls, traditionnellement \u00e9leveurs, les affrontements se multiplient entre cette communaut\u00e9 et les ethnies bambara et dogon, pratiquant essentiellement l\u2019agriculture, et qui ont cr\u00e9\u00e9 leurs \u00ab\u00a0groupes d\u2019autod\u00e9fense\u00a0\u00bb.<\/p>\n<p>Koulogon \u2013 39 Peuls tu\u00e9s le 1er janvier \u2013 ; Ogossagou \u2013 160 Peuls tu\u00e9s le 23 mars \u2013 ; Sobane Da \u2013 35 Dogons tu\u00e9s le 9 juin \u2013 ; Gangafani et Yoro \u2013 41 Dogons tu\u00e9s le 17 juin -: la liste des villages martyrs ne cesse de grandir, malgr\u00e9 les renforts envoy\u00e9s par l\u2019arm\u00e9e.<\/p>\n<p>Apr\u00e8s la pri\u00e8re du vendredi, des milliers de manifestants se sont rassembl\u00e9s pr\u00e8s de la Bourse du travail \u00e0 Bamako, \u00e0 l\u2019appel du Collectif des associations de jeunes de la r\u00e9gion de Mopti (centre) pour r\u00e9clamer la fin de ce cycle de violences que les renforts envoy\u00e9s par l\u2019arm\u00e9e ne sont jusqu\u2019ici pas parvenus \u00e0 endiguer.<\/p>\n<p>\u00ab\u00a0D\u00e9sarmez les milices\u00a0\u00bb, \u00ab\u00a0Halte \u00e0 l\u2019amalgame\u00a0\u00bb, \u00ab\u00a0La France complice\u00a0\u00bb, \u00ab\u00a0Disons non \u00e0 la haine\u00a0\u00bb, \u00ab\u00a0S\u00e9curisez les civils\u00a0\u00bb, \u00ab\u00a0Une vie est une vie\u00a0\u00bb, \u00ab\u00a0Mopti a assez souffert\u00a0\u00bb, \u00ab\u00a0Peuls et Dogons sont victimes\u00a0\u00bb\u2026 Les nombreuses pancartes brandies s\u2019adressaient aussi bien au gouvernement, \u00e0 la communaut\u00e9 internationale (France, ONU, pays voisins) qui le soutient, aux jihadistes et autres groupes arm\u00e9s qu\u2019\u00e0 ceux qui incitent les communaut\u00e9s \u00e0 se dresser les unes contre les autres.<\/p>\n<p>\u00ab\u00a0Trop de sang a coul\u00e9. Il faut que \u00e7a s\u2019arr\u00eate sinon il n\u2019y aura plus de vie au centre du Mali\u00a0\u00bb, a expliqu\u00e9 une des manifestantes, Habitatou Diallo.<\/p>\n<p>Le chef des op\u00e9rations de maintien de la paix de l\u2019ONU, Jean-Pierre Lacroix, acheveait vendredi une viste au Mali en compagnie du num\u00e9ro 2 de la diplomatie de l\u2019Union europ\u00e9enne, Pedro Serrano. Les deux diplomates se sont notamment rendus \u00e0 Mopti et on rencontr\u00e9 les autorit\u00e9s du pays, ainsi que des groupes de la soci\u00e9t\u00e9 civile.<\/p>\n<p>Le Conseil de s\u00e9curit\u00e9 de l\u2019ONU doit examiner le 27 juin le renouvellement du mandat de la mission de l\u2019ONU au Mali (Minusma).<\/p>\n<\/div>\n<p>Auteur: AFP<br \/>\n<a href=\"https:\/\/www.journalducameroun.com\/mali-manifestation-a-bamako-pour-dire-stop-aux-massacres\/\">Cliquez ici pour lire l&rsquo;article depuis sa source.<\/a><\/p>\n","protected":false},"excerpt":{"rendered":"<p>Publi\u00e9 le 21.06.2019 \u00e0 19h50 par AFP Entre 3.000 personnes, selon la police, et 5.000, selon les organisateurs, ont manifest\u00e9 vendredi \u00e0 Bamako pour dire \u00ab\u00a0stop\u00a0\u00bb aux violences dans le centre du Mali, o\u00f9 les massacres se multiplient, alors que le chef des op\u00e9rations de maintien de la paix de l\u2019ONU ach\u00e8ve une visite dans [&hellip;]<\/p>\n","protected":false},"author":1965,"featured_media":0,"comment_status":"closed","ping_status":"closed","sticky":false,"template":"","format":"standard","meta":{"fifu_image_url":"","fifu_image_alt":"","footnotes":""},"categories":[73,82],"tags":[],"class_list":["post-41973","post","type-post","status-publish","format-standard","hentry","category-actualite","category-cameroun"],"_links":{"self":[{"href":"https:\/\/linitiative.ca\/International\/wp-json\/wp\/v2\/posts\/41973","targetHints":{"allow":["GET"]}}],"collection":[{"href":"https:\/\/linitiative.ca\/International\/wp-json\/wp\/v2\/posts"}],"about":[{"href":"https:\/\/linitiative.ca\/International\/wp-json\/wp\/v2\/types\/post"}],"author":[{"embeddable":true,"href":"https:\/\/linitiative.ca\/International\/wp-json\/wp\/v2\/users\/1965"}],"replies":[{"embeddable":true,"href":"https:\/\/linitiative.ca\/International\/wp-json\/wp\/v2\/comments?post=41973"}],"version-history":[{"count":0,"href":"https:\/\/linitiative.ca\/International\/wp-json\/wp\/v2\/posts\/41973\/revisions"}],"wp:attachment":[{"href":"https:\/\/linitiative.ca\/International\/wp-json\/wp\/v2\/media?parent=41973"}],"wp:term":[{"taxonomy":"category","embeddable":true,"href":"https:\/\/linitiative.ca\/International\/wp-json\/wp\/v2\/categories?post=41973"},{"taxonomy":"post_tag","embeddable":true,"href":"https:\/\/linitiative.ca\/International\/wp-json\/wp\/v2\/tags?post=41973"}],"curies":[{"name":"wp","href":"https:\/\/api.w.org\/{rel}","templated":true}]}}