{"id":41974,"date":"2019-06-21T15:18:05","date_gmt":"2019-06-21T19:18:05","guid":{"rendered":"https:\/\/linitiative.ca\/International\/lavenue-franchet-desperey-le-qg-des-commercants-senegalais-dabidjan-plateau\/"},"modified":"2019-06-21T15:18:05","modified_gmt":"2019-06-21T19:18:05","slug":"lavenue-franchet-desperey-le-qg-des-commercants-senegalais-dabidjan-plateau","status":"publish","type":"post","link":"https:\/\/linitiative.ca\/International\/lavenue-franchet-desperey-le-qg-des-commercants-senegalais-dabidjan-plateau\/","title":{"rendered":"L\u2019Avenue Franchet d\u2019Esperey, le QG des commer\u00e7ants S\u00e9n\u00e9galais d\u2019Abidjan Plateau"},"content":{"rendered":"<div readability=\"32\">\n<p>Publi\u00e9 le 21.06.2019 \u00e0 20h18 par APA News<\/p>\n<\/div>\n<div readability=\"142\">\n<p>Install\u00e9s depuis quelques d\u00e9cennies \u00e0 l\u2019Avenue Franchet d\u2019Esperey, au Plateau, le Centre des Affaires d\u2019Abidjan, les commer\u00e7ants S\u00e9n\u00e9galais, ont \u00e9rig\u00e9 cette art\u00e8re comme leur quartier g\u00e9n\u00e9ral \u00e0 quelques encablures des tours administratives.Moustapha Mbaye, 32 ans, r\u00e9sident \u00e0 Treichville, une cit\u00e9 au Sud d\u2019Abidjan, abritant une forte communaut\u00e9 de la Communaut\u00e9 \u00e9conomique des Etats de l\u2019Afrique de l\u2019Ouest (CEDEAO) dont un grand nombre de S\u00e9n\u00e9galais, vend au Plateau des montures et des verres depuis trois ans.<\/p>\n<p>\u00ab Ca va par la gr\u00e2ce de Dieu \u00bb, affirme Moustapha, qui ne se plaint pas de ses revenus qui couvrent ses charges, pour lui, son \u00e9pouse, ses deux enfants et lui permettent d\u2019envoyer parfois de l\u2019argent au pays. N\u00e9 en C\u00f4te d\u2019Ivoire, il a cependant grandi au S\u00e9n\u00e9gal, avant de venir aupr\u00e8s des siens en C\u00f4te d\u2019Ivoire. \u00a0<\/p>\n<p>\u00a0Entr\u00e9 dans ce m\u00e9tier par le biais de ses fr\u00e8res biologiques, exer\u00e7ant dans le secteur de la lunetterie et de l\u2019optique, il y a pr\u00e8s de 20 ans, Moustapha Mbaye, est aujourd\u2019hui int\u00e9gr\u00e9 dans le r\u00e9seau de vente de lunettes. Ancr\u00e9 dans la culture locale, il trouve les Ivoiriens \u00ab tr\u00e8s gentils \u00bb.\u00a0<\/p>\n<p>Le d\u00e9bat de la fraude sur la nationalit\u00e9, indexant les \u00e9trangers, \u00e0 l\u2019approche de la pr\u00e9sidentielle de 2020, semblent ressurgir. \u00ab Quand on entend cela, \u00e7a nous d\u00e9range un peu \u00bb, dit-il. En d\u00e9pit de ce fait, l\u2019aventure est bien engag\u00e9e pour Moustapha dans ce pays. \u00a0\u00a0<\/p>\n<p>Sur l\u2019Avenue Franchet d\u2019Esperey, chacun se bat pour assurer sa pitance quotidienne. Les S\u00e9n\u00e9galais, pr\u00e9sents dans le pays depuis l\u2019\u00e8re coloniale, se sont positionn\u00e9s sur le segment de l\u2019optique et la bijouterie. Parfois, les relais sont faits aux prog\u00e9nitures qui perp\u00e9tuent l\u2019activit\u00e9. \u00a0\u00a0<\/p>\n<p>Amy Gueye Colle, 27 ans, dont le p\u00e8re exerce dans la vente des verres pharmaceutiques, apprend aupr\u00e8s des offices de son g\u00e9niteur. \u00ab On s\u2019accroche \u00bb, lance cette jeune femme qui y travaille depuis huit ans. Suite aux consultations faites par son p\u00e8re, Amy se charge de commander les verres. \u00a0<\/p>\n<p>Arriv\u00e9e en C\u00f4te d\u2019Ivoire apr\u00e8s la crise post\u00e9lectorale ivoirienne, en 2011, Amy Gueye compte, bient\u00f4t, \u00a0une pr\u00e9sence de pr\u00e8s de huit ans sur l\u2019Avenue Franchet d\u2019Esperey. Joviale, elle appr\u00e9cie l\u2019activit\u00e9 de ce secteur, qui \u00ab se passe tr\u00e8s bien \u00bb. \u00a0<\/p>\n<p>Plusieurs S\u00e9n\u00e9galais sont d\u2019ailleurs pr\u00e9sents dans le secteur de la lunetterie, au Plateau comme sur des march\u00e9s \u00e0 Abidjan et \u00e0 l\u2019int\u00e9rieur du pays. Ils sont notamment r\u00e9put\u00e9s pour leur mani\u00e8re de faire le \u00ab Tch\u00e8pe \u00bb, une sorte de riz gras. A c\u00f4t\u00e9 de cette expertise, des S\u00e9n\u00e9galais \u00e9voluent dans la bijouterie. \u00a0<\/p>\n<p>La C\u00f4te d\u2019Ivoire est un pays \u00ab super \u00bb, confie Amy Gueye appr\u00e9ciant les Ivoiriens qui selon elle sont \u00ab gentils \u00bb surtout avec les S\u00e9n\u00e9galais. \u00ab Ils nous aiment mais nous aussi on les aime \u00bb, rapporte la jeune femme qui se dit heureuse de l\u2019arriv\u00e9e de Macky Sall \u00e0 Abidjan, en visite d\u2019Etat du 20 au 22 juin 2019. \u00a0<\/p>\n<p>Mohammed Gueye, 40 ans, lui, vend aussi des montres et des bijoux, des domaines o\u00f9 l\u2019on enregistre une forte concentration de S\u00e9n\u00e9galais en C\u00f4te d\u2019Ivoire. Jouant souvent au vendeur ambulant, il y trouve son compte dans ce m\u00e9tier qu\u2019il exerce avec ses fr\u00e8res depuis 2007 apr\u00e8s son arriv\u00e9e dans le pays.\u00a0<\/p>\n<p>P\u00e8re de cinq enfants, Mohammed Gueye, trouve la C\u00f4te d\u2019Ivoire un pays \u00ab merveilleux \u00bb. Lanc\u00e9 dans ce commerce aupr\u00e8s de ses fr\u00e8res, il estime que \u00ab \u00e7a va, mais ces deux jours-l\u00e0, tout est au ralenti \u00bb car la client\u00e8le manque, tout en rassurant que les jours \u00e0 venir seront radieux. \u00a0 \u00a0<\/p>\n<\/div>\n<p>Auteur: APA News<br \/>\n<a href=\"https:\/\/www.journalducameroun.com\/lavenue-franchet-desperey-le-qg-des-commercants-senegalais-dabidjan-plateau\/\">Cliquez ici pour lire l&rsquo;article depuis sa source.<\/a><\/p>\n","protected":false},"excerpt":{"rendered":"<p>Publi\u00e9 le 21.06.2019 \u00e0 20h18 par APA News Install\u00e9s depuis quelques d\u00e9cennies \u00e0 l\u2019Avenue Franchet d\u2019Esperey, au Plateau, le Centre des Affaires d\u2019Abidjan, les commer\u00e7ants S\u00e9n\u00e9galais, ont \u00e9rig\u00e9 cette art\u00e8re comme leur quartier g\u00e9n\u00e9ral \u00e0 quelques encablures des tours administratives.Moustapha Mbaye, 32 ans, r\u00e9sident \u00e0 Treichville, une cit\u00e9 au Sud d\u2019Abidjan, abritant une forte communaut\u00e9 [&hellip;]<\/p>\n","protected":false},"author":1965,"featured_media":0,"comment_status":"closed","ping_status":"closed","sticky":false,"template":"","format":"standard","meta":{"fifu_image_url":"","fifu_image_alt":"","footnotes":""},"categories":[73,82],"tags":[],"class_list":["post-41974","post","type-post","status-publish","format-standard","hentry","category-actualite","category-cameroun"],"_links":{"self":[{"href":"https:\/\/linitiative.ca\/International\/wp-json\/wp\/v2\/posts\/41974","targetHints":{"allow":["GET"]}}],"collection":[{"href":"https:\/\/linitiative.ca\/International\/wp-json\/wp\/v2\/posts"}],"about":[{"href":"https:\/\/linitiative.ca\/International\/wp-json\/wp\/v2\/types\/post"}],"author":[{"embeddable":true,"href":"https:\/\/linitiative.ca\/International\/wp-json\/wp\/v2\/users\/1965"}],"replies":[{"embeddable":true,"href":"https:\/\/linitiative.ca\/International\/wp-json\/wp\/v2\/comments?post=41974"}],"version-history":[{"count":0,"href":"https:\/\/linitiative.ca\/International\/wp-json\/wp\/v2\/posts\/41974\/revisions"}],"wp:attachment":[{"href":"https:\/\/linitiative.ca\/International\/wp-json\/wp\/v2\/media?parent=41974"}],"wp:term":[{"taxonomy":"category","embeddable":true,"href":"https:\/\/linitiative.ca\/International\/wp-json\/wp\/v2\/categories?post=41974"},{"taxonomy":"post_tag","embeddable":true,"href":"https:\/\/linitiative.ca\/International\/wp-json\/wp\/v2\/tags?post=41974"}],"curies":[{"name":"wp","href":"https:\/\/api.w.org\/{rel}","templated":true}]}}