{"id":41976,"date":"2019-06-21T15:50:01","date_gmt":"2019-06-21T19:50:01","guid":{"rendered":"https:\/\/linitiative.ca\/International\/senegal-manifestation-pour-la-transparence-des-contrats-petroliers-et-gaziers\/"},"modified":"2019-06-21T15:50:01","modified_gmt":"2019-06-21T19:50:01","slug":"senegal-manifestation-pour-la-transparence-des-contrats-petroliers-et-gaziers","status":"publish","type":"post","link":"https:\/\/linitiative.ca\/International\/senegal-manifestation-pour-la-transparence-des-contrats-petroliers-et-gaziers\/","title":{"rendered":"S\u00e9n\u00e9gal: manifestation pour la transparence des contrats p\u00e9troliers et gaziers"},"content":{"rendered":"<div readability=\"32\">\n<p>Publi\u00e9 le 21.06.2019 \u00e0 20h50 par AFP<\/p>\n<\/div>\n<div readability=\"117\">\n<p>Des milliers de personnes ont particip\u00e9 vendredi \u00e0 Dakar \u00e0 une nouvelle manifestation de la soci\u00e9t\u00e9 civile et de l\u2019opposition pour exiger la lumi\u00e8re sur des contrats d\u2019hydrocarbures entre l\u2019Etat et des compagnies \u00e9trang\u00e8res, apr\u00e8s un reportage de la BBC mettant en cause les hautes sph\u00e8res du pouvoir s\u00e9n\u00e9galais.<\/p>\n<p>En juin 2012, peu apr\u00e8s sa premi\u00e8re \u00e9lection, le pr\u00e9sident s\u00e9n\u00e9galais Macky Sall avait confirm\u00e9 la d\u00e9cision de son pr\u00e9d\u00e9cesseur, Abdoulaye Wade, d\u2019attribuer l\u2019exploitation des deux champs p\u00e9troliers et gaziers \u00e0 Petro-Tim, une soci\u00e9t\u00e9 de l\u2019homme d\u2019affaires australo-roumain Frank Timis, au coeur du scandale qui secoue le S\u00e9n\u00e9gal et \u00e9corne son image \u00e0 l\u2019\u00e9tranger depuis la diffusion d\u2019un reportage de la BBC le 3 juin.<\/p>\n<p>Selon la cha\u00eene britannique, cette soci\u00e9t\u00e9 a vers\u00e9 deux ans plus tard une prime secr\u00e8te de 250.000 dollars au fr\u00e8re de Macky Sall, Aliou Sall, actuel pr\u00e9sident de la Caisse de d\u00e9p\u00f4t et consignation (CDC) et maire d\u2019une commune de la banlieue de Dakar, ce que celui-ci a formellement d\u00e9menti.<\/p>\n<p>Le rassemblement de vendredi, \u00e0 l\u2019appel d\u2019un collectif citoyen et de l\u2019opposition, s\u2019est tenu pr\u00e8s du centre-ville, sous une forte surveillance polici\u00e8re, apr\u00e8s une manifestation interdite puis r\u00e9prim\u00e9e le 14 juin dans la capitale, ont rapport\u00e9 des journalistes de l\u2019AFP.<\/p>\n<p>\u00ab\u00a0Macky Sall, Aliou Sall, Frank Timis, tous voleurs\u00a0\u00bb, ont scand\u00e9 des milliers de manifestants. \u00ab\u00a0Nous exigeons la ren\u00e9gociation des contrats\u00a0\u00bb, \u00ab\u00a0Rester les bras crois\u00e9s, c\u2019est \u00eatre complice\u00a0\u00bb, pouvait-on lire sur des pancartes.<\/p>\n<p>Des responsables de l\u2019opposition, dont l\u2019ex-Premier ministre Abdoul Mbaye, ont particip\u00e9 au rassemblement. Des orateurs ont appel\u00e9 \u00e0 organiser chaque vendredi une manifestation pour exiger toute la lumi\u00e8re sur ces contrats.<\/p>\n<p>Les autorit\u00e9s \u00ab\u00a0ont us\u00e9 d\u2019artifices pour casser le mouvement mais personne ne peut emp\u00eacher une victoire du peuple souverain\u00a0\u00bb, a d\u00e9clar\u00e9 aux manifestants le d\u00e9put\u00e9 Ousmane Sonko, ex-candidat \u00e0 la pr\u00e9sidentielle et figure montante de l\u2019opposition.<\/p>\n<p>Le procureur de la r\u00e9publique Serigne Bassirou Gu\u00e8ye a lanc\u00e9 le 12 juin un \u00ab\u00a0appel \u00e0 t\u00e9moins\u00a0\u00bb pour amener les d\u00e9tenteurs d\u2019informations sur la gestion du p\u00e9trole et du gaz \u00e0 les livrer \u00e0 la justice.<\/p>\n<p>Plusieurs personnes, dont des opposants et des experts, ont depuis lors \u00e9t\u00e9 auditionn\u00e9s par la Division des investigations criminelles (DIC, police judiciaire).<\/p>\n<p>La pol\u00e9mique a \u00e9t\u00e9 relanc\u00e9e mercredi par une d\u00e9claration de El Hadji Hamidou Kass\u00e9, ministre-conseiller en communication du pr\u00e9sident Macky Sall.<\/p>\n<p>Tout en voulant d\u00e9fendre Aliou Sall, M. Kass\u00e9 a affirm\u00e9 sur la cha\u00eene francophone TV5 qu\u2019une prime de 250.000 dollars avait \u00e9t\u00e9 effectivement vers\u00e9e \u00e0 une soci\u00e9t\u00e9 appartenant \u00e0 Aliou Sall, mais au titre, selon lui, d&rsquo;\u00a0\u00bbune mission de consultation agricole\u00a0\u00bb.<\/p>\n<p>La d\u00e9claration de M. Kass\u00e9, une nouvelle fois d\u00e9mentie par le camp d\u2019Aliou Sall, a provoqu\u00e9 des dissensions dans la majorit\u00e9, dont des responsables ont mis cette sortie sous le compte d\u2019une simple maladresse.<\/p>\n<\/div>\n<p>Auteur: AFP<br \/>\n<a href=\"https:\/\/www.journalducameroun.com\/senegal-manifestation-pour-la-transparence-des-contrats-petroliers-et-gaziers\/\">Cliquez ici pour lire l&rsquo;article depuis sa source.<\/a><\/p>\n","protected":false},"excerpt":{"rendered":"<p>Publi\u00e9 le 21.06.2019 \u00e0 20h50 par AFP Des milliers de personnes ont particip\u00e9 vendredi \u00e0 Dakar \u00e0 une nouvelle manifestation de la soci\u00e9t\u00e9 civile et de l\u2019opposition pour exiger la lumi\u00e8re sur des contrats d\u2019hydrocarbures entre l\u2019Etat et des compagnies \u00e9trang\u00e8res, apr\u00e8s un reportage de la BBC mettant en cause les hautes sph\u00e8res du pouvoir [&hellip;]<\/p>\n","protected":false},"author":1965,"featured_media":0,"comment_status":"closed","ping_status":"closed","sticky":false,"template":"","format":"standard","meta":{"fifu_image_url":"","fifu_image_alt":"","footnotes":""},"categories":[73,82],"tags":[],"class_list":["post-41976","post","type-post","status-publish","format-standard","hentry","category-actualite","category-cameroun"],"_links":{"self":[{"href":"https:\/\/linitiative.ca\/International\/wp-json\/wp\/v2\/posts\/41976","targetHints":{"allow":["GET"]}}],"collection":[{"href":"https:\/\/linitiative.ca\/International\/wp-json\/wp\/v2\/posts"}],"about":[{"href":"https:\/\/linitiative.ca\/International\/wp-json\/wp\/v2\/types\/post"}],"author":[{"embeddable":true,"href":"https:\/\/linitiative.ca\/International\/wp-json\/wp\/v2\/users\/1965"}],"replies":[{"embeddable":true,"href":"https:\/\/linitiative.ca\/International\/wp-json\/wp\/v2\/comments?post=41976"}],"version-history":[{"count":0,"href":"https:\/\/linitiative.ca\/International\/wp-json\/wp\/v2\/posts\/41976\/revisions"}],"wp:attachment":[{"href":"https:\/\/linitiative.ca\/International\/wp-json\/wp\/v2\/media?parent=41976"}],"wp:term":[{"taxonomy":"category","embeddable":true,"href":"https:\/\/linitiative.ca\/International\/wp-json\/wp\/v2\/categories?post=41976"},{"taxonomy":"post_tag","embeddable":true,"href":"https:\/\/linitiative.ca\/International\/wp-json\/wp\/v2\/tags?post=41976"}],"curies":[{"name":"wp","href":"https:\/\/api.w.org\/{rel}","templated":true}]}}