{"id":41978,"date":"2019-06-21T16:18:05","date_gmt":"2019-06-21T20:18:05","guid":{"rendered":"https:\/\/linitiative.ca\/International\/mauritanie-la-ceni-prete-pour-un-bon-deroulement-de-la-presidentielle\/"},"modified":"2019-06-21T16:18:05","modified_gmt":"2019-06-21T20:18:05","slug":"mauritanie-la-ceni-prete-pour-un-bon-deroulement-de-la-presidentielle","status":"publish","type":"post","link":"https:\/\/linitiative.ca\/International\/mauritanie-la-ceni-prete-pour-un-bon-deroulement-de-la-presidentielle\/","title":{"rendered":"Mauritanie : la Ceni \u00ab pr\u00eate \u00bb pour un bon d\u00e9roulement de la pr\u00e9sidentielle"},"content":{"rendered":"<div readability=\"32\">\n<p>Publi\u00e9 le 21.06.2019 \u00e0 21h18 par APA News<\/p>\n<\/div>\n<div readability=\"124\">\n<p>Le premier tour de l\u2019\u00e9lection pr\u00e9sidentielle mauritanienne pr\u00e9vu, ce samedi 22 juin 2019, pour d\u00e9partager les six candidats, va se tenir dans le respect de \u00ab toutes les mesures relatives \u00e0 l\u2019organisation \u00bb d\u2019une \u00e9lection, au point de vue de la \u00ab logistique \u00bb et des \u00ab ressources humaines \u00bb, a confi\u00e9 vendredi \u00e0 APA, le vice-pr\u00e9sident de la Commission \u00e9lectorale nationale ind\u00e9pendante (Ceni).\u00ab Depuis quelques mois d\u00e9j\u00e0, nos structures sont un peu partout \u00e0 l\u2019int\u00e9rieur ou \u00e0 l\u2019\u00e9tranger. Elles ont commenc\u00e9 par le recensement \u00e0 vocation \u00e9lectorale, et aujourd\u2019hui elles ont re\u00e7u le mat\u00e9riel \u00e9lectoral n\u00e9cessaire : bulletins de vote, extraits, PV et tous les autres \u00e9l\u00e9ments rentrant dans le cadre du renforcement de la transparence \u00bb, a expliqu\u00e9 Ethmane Ould Bidiel, trouv\u00e9 dans les locaux de la Ceni, o\u00f9 il y a beaucoup de mouvements en cette veille du scrutin.<\/p>\n<p>Soulignant que beaucoup de mesures prises jusque-l\u00e0 \u00ab sont inh\u00e9rentes \u00bb aux d\u00e9cisions prises de fa\u00e7on coll\u00e9giale avec les diff\u00e9rents candidats, le pr\u00e9sident de la Ceni mauritanienne note \u00e9galement que tous les probl\u00e8mes que ces derniers avaient soulev\u00e9s \u00ab sont r\u00e9gl\u00e9s \u00bb, \u00e0 l\u2019exception de ceux qui pourraient \u00ab surgir au fur et \u00e0 mesure du processus \u00bb.<\/p>\n<p>Et un des probl\u00e8mes, comme il le souligne, pourrait r\u00e9sider au niveau du bulletin \u00e9lectoral. \u00ab Leur (candidats) principale dol\u00e9ance \u00e9tait l\u2019impression du bulletin \u00e9lectoral. Parce que c\u2019est une premi\u00e8re. Nous avons accord\u00e9 le march\u00e9 \u00e0 une soci\u00e9t\u00e9 mauritanienne, mais ceux-l\u00e0 qui n\u2019avaient pas compris l\u2019\u00e9taient \u00e0 cause d\u2019une certaine ignorance des textes \u00bb, a dit Ould Bidiel, pr\u00e9cisant que les candidats de l\u2019opposition ont \u00e9t\u00e9 re\u00e7us tour \u00e0 tour.<\/p>\n<p>\u00ab La Ceni en Mauritanie est soumise au Code du march\u00e9, qui ne peut pas exclure une quelconque soci\u00e9t\u00e9 sur la base de la nationalit\u00e9. (\u2026) S\u2019il s\u2019agit (d\u2019une crainte) de fraude ou de probl\u00e8mes, cela peut arriver alors que l\u2019impression est faite ailleurs \u00bb, a-t-il poursuivi, citant l\u2019exemple de l\u2019\u00e9lection de 2009 qui avait \u00ab fait couler beaucoup d\u2019encre \u00bb malgr\u00e9 que l\u2019impression f\u00fbt g\u00e9r\u00e9e par une soci\u00e9t\u00e9 anglaise.<\/p>\n<p>Toutefois, a-t-il assur\u00e9, \u00ab les pr\u00e9cautions que nous avons prises et qui ont rassur\u00e9 sont la r\u00e9quisition de ladite soci\u00e9t\u00e9 (mauritanienne) en assurant une s\u00e9curit\u00e9 ext\u00e9rieure et int\u00e9rieure (vid\u00e9osurveillance) \u00bb.<\/p>\n<p>Par ailleurs, le pr\u00e9sident de la Ceni renseigne que le fichier \u00e9lectoral mauritanien compte plus d\u2019un million cinq cent mille d\u2019\u00e9lecteurs, soit une augmentation de 300.000 \u00e9lecteurs en comparaison avec les \u00e9lections municipales, l\u00e9gislatives et r\u00e9gionales organis\u00e9es en 2018.<\/p>\n<p>En m\u00eame temps, \u00ab il y a une forte proportion de femmes compte tenu de leur nombre en Mauritanie, qui est estim\u00e9 \u00e0 53% \u00e0 l\u2019\u00e9chelle nationale \u00bb, a ajout\u00e9 Ethmane Ould Bidiel.<\/p>\n<p>Pour cette pr\u00e9sidentielle, ne prendra pas part le sortant Abdelaziz. En effet, il boucle son second et dernier mandat en ao\u00fbt prochain, conform\u00e9ment aux textes qu\u2019il a d\u00e9cid\u00e9s de respecter.<\/p>\n<p>Toutefois, son parti, Union pour la R\u00e9publique (UPR), a d\u00e9cid\u00e9 de soutenir l\u2019ex-g\u00e9n\u00e9ral Mouhamed Ould El Ghazouani, son ex-ministre de la D\u00e9fense.<\/p>\n<p>Ce dernier semble b\u00e9n\u00e9ficier d\u2019un atout suppl\u00e9mentaire, puisque partout dans le pays son image est omnipr\u00e9sente.<\/p>\n<p>Hormis lui, le militant anti-esclavagiste Biram Dah Ould Abeid, l\u2019ancien Premier ministre de transition (2005-2007) Ould Boubacar et le journaliste Baba Hamidou Kane, candidat malheureux \u00e0 la pr\u00e9sidentielle de 2009 (moins de 2%), sont probablement les plus connus que les deux autres.<\/p>\n<p>Il s\u2019agit de Mohamed Ould Mouloud, soutenu par l\u2019opposition historique incarn\u00e9e par Ahmed Ould Daddah et de Mohamed Lemine El-Mourteji El-Wavi, expert financier et haut fonctionnaire du Tr\u00e9sor mauritanien.<\/p>\n<\/div>\n<p>Auteur: APA News<br \/>\n<a href=\"https:\/\/www.journalducameroun.com\/mauritanie-la-ceni-prete-pour-un-bon-deroulement-de-la-presidentielle\/\">Cliquez ici pour lire l&rsquo;article depuis sa source.<\/a><\/p>\n","protected":false},"excerpt":{"rendered":"<p>Publi\u00e9 le 21.06.2019 \u00e0 21h18 par APA News Le premier tour de l\u2019\u00e9lection pr\u00e9sidentielle mauritanienne pr\u00e9vu, ce samedi 22 juin 2019, pour d\u00e9partager les six candidats, va se tenir dans le respect de \u00ab toutes les mesures relatives \u00e0 l\u2019organisation \u00bb d\u2019une \u00e9lection, au point de vue de la \u00ab logistique \u00bb et des \u00ab [&hellip;]<\/p>\n","protected":false},"author":1965,"featured_media":0,"comment_status":"closed","ping_status":"closed","sticky":false,"template":"","format":"standard","meta":{"fifu_image_url":"","fifu_image_alt":"","footnotes":""},"categories":[73,82],"tags":[],"class_list":["post-41978","post","type-post","status-publish","format-standard","hentry","category-actualite","category-cameroun"],"_links":{"self":[{"href":"https:\/\/linitiative.ca\/International\/wp-json\/wp\/v2\/posts\/41978","targetHints":{"allow":["GET"]}}],"collection":[{"href":"https:\/\/linitiative.ca\/International\/wp-json\/wp\/v2\/posts"}],"about":[{"href":"https:\/\/linitiative.ca\/International\/wp-json\/wp\/v2\/types\/post"}],"author":[{"embeddable":true,"href":"https:\/\/linitiative.ca\/International\/wp-json\/wp\/v2\/users\/1965"}],"replies":[{"embeddable":true,"href":"https:\/\/linitiative.ca\/International\/wp-json\/wp\/v2\/comments?post=41978"}],"version-history":[{"count":0,"href":"https:\/\/linitiative.ca\/International\/wp-json\/wp\/v2\/posts\/41978\/revisions"}],"wp:attachment":[{"href":"https:\/\/linitiative.ca\/International\/wp-json\/wp\/v2\/media?parent=41978"}],"wp:term":[{"taxonomy":"category","embeddable":true,"href":"https:\/\/linitiative.ca\/International\/wp-json\/wp\/v2\/categories?post=41978"},{"taxonomy":"post_tag","embeddable":true,"href":"https:\/\/linitiative.ca\/International\/wp-json\/wp\/v2\/tags?post=41978"}],"curies":[{"name":"wp","href":"https:\/\/api.w.org\/{rel}","templated":true}]}}