{"id":41993,"date":"2019-06-21T00:00:21","date_gmt":"2019-06-21T04:00:21","guid":{"rendered":"https:\/\/linitiative.ca\/International\/barrage-hydroelectrique-ces-risques-qui-complexifient-le-transfert-de-memveele-a-edc\/"},"modified":"2019-06-21T00:00:21","modified_gmt":"2019-06-21T04:00:21","slug":"barrage-hydroelectrique-ces-risques-qui-complexifient-le-transfert-de-memveele-a-edc","status":"publish","type":"post","link":"https:\/\/linitiative.ca\/International\/barrage-hydroelectrique-ces-risques-qui-complexifient-le-transfert-de-memveele-a-edc\/","title":{"rendered":"Barrage hydro\u00e9lectrique : ces risques qui complexifient le transfert de Memve\u2019ele \u00e0 EDC"},"content":{"rendered":"<p>Cela s\u2019av\u00e8re donc une \u00e9quation pas du tout facile \u00e0 r\u00e9soudre : le transfert du <strong>barrage de Memve\u2019ele<\/strong> dans le patrimoine de la soci\u00e9t\u00e9 <strong>Electricity Development Corporation<\/strong> (EDC). En effet, bien que la date de d\u00e9but de production, qui \u00e9tait initialement pr\u00e9vue pour le d\u00e9but de l\u2019ann\u00e9e 2018, n\u2019ait pas pu \u00eatre respect\u00e9e, une solution palliative a \u00e9t\u00e9 envisag\u00e9e compte tenu, dit-on, du besoin de rendre disponibles 80 MW dans le <strong>R\u00e9seau Interconnect\u00e9 Sud<\/strong> (RIS), en attendant la fin des travaux des ouvrages d\u2019\u00e9vacuation de l\u2019\u00e9nergie. Il s\u2019est agi d\u2019un raccordement temporaire entre la ligne haute tension Memve\u2019el<strong>e 225 KV<\/strong> et la ligne <strong>90 KV<\/strong> de EDC (PRERETD) au niveau de Minlamizibi par Ngoulemakong. La jonction provisoire permet aujourd\u2019hui de disposer des premiers MW inject\u00e9s dans le RIS. Cette solution, du point de vue strat\u00e9gique et \u00e9conomique est porteuse, reconnait-on \u00e0 l\u2019Unit\u00e9 op\u00e9rationnelle, et c\u2019est la traduction du d\u00e9marrage effectif de la centrale en phase d\u2019essais en attendant la finalisation selon le chronogramme des travaux de <strong>Sinohydro<\/strong>. Mais cette exploitation de la centrale pose probl\u00e8me pour le moment parce qu\u2019elle n\u2019est pas encadr\u00e9e. L\u2019Unit\u00e9 op\u00e9rationnelle du projet n\u2019ayant pas un statut lui permettant d\u2019interagir pour les op\u00e9rations de maintenance, d\u2019exploitation de la centrale et de commercialisation de l\u2019\u00e9nergie. Il s\u2019agit d\u2019un point critique. C\u2019est cette situation qui, explique-t-on a sans doute motiv\u00e9 les tr\u00e8s hautes directives visant l\u2019insertion de l\u2019actif de Memve\u2019ele dans le patrimoine de EDC., m\u00eame si, avoue-t-on, aucune notification expresse n\u2019a pour le moment \u00e9t\u00e9 faite par le pr\u00e9sident de la R\u00e9publique \u00e0 l\u2019endroit du ministre de l\u2019Eau et de l\u2019Energie.<\/p>\n<hr\/>\n<h4><strong>>> Lire aussi \u2013 <a title=\"Barrage hydro\u00e9lectrique: Memve\u2019Ele confi\u00e9 \u00e0 EDC\" href=\"https:\/\/ecomatin.net\/barrage-hydroelectrique-memveele-confie-a-edc\/\" target=\"_blank\" rel=\"noopener noreferrer\">Barrage hydro\u00e9lectrique: Memve\u2019Ele confi\u00e9 \u00e0 EDC<\/a><br \/><\/strong><\/h4>\n<hr\/>\n<p>Mais cette insertion, de l\u2019avis des responsables de l\u2019Unit\u00e9 op\u00e9rationnelle de l\u2019am\u00e9nagement de Memve\u2019ele ne va pas sans risques. En effet, selon leur pr\u00e9sentation au cours des concertations qui se sont tenues, la semaine derni\u00e8re au minist\u00e8re de l\u2019Eau et de l\u2019Energie, en rapport avec ce sujet et donc <strong>Ecomatin a<\/strong> eu copie, plusieurs risques rendent complexe cette op\u00e9ration. En effet, du fait de la r\u00e9ception provisoire au 31 d\u00e9cembre 2017 et act\u00e9e le 08 f\u00e9vrier 2018, et la mise en service des groupes de l\u2019usine qui a eu lieu en avril 2019, ces deux actes, informe-t-on, ont des risques potentiels. Notamment, ceux de r\u00e9clamation financi\u00e8re par l\u2019entreprise Sinohydro, de sinistre sur ouvrages construits et celui politique. Pour le premier, l\u2019entreprise a termin\u00e9 les travaux depuis juillet 2017 et la r\u00e9ception partielle n\u2019a pu avoir lieu qu\u2019en f\u00e9vrier 2018. Et donc en d\u00e9cembre 2018, l\u2019entreprise devrait demander la r\u00e9ception d\u00e9finitive pour lever ses garanties et caution. L\u2019entreprise ne peut pas avoir la r\u00e9ception provisoire, ni d\u00e9finitive des groupes de l\u2019usine, car conditionn\u00e9e par les essais sur la ligne 225 KV au poste de Ahala. Hors, les travaux de cette ligne sont en retard \u00e0 cause des probl\u00e8mes de paiement des d\u00e9comptes, ainsi que la lib\u00e9ration de l\u2019emprise par l\u2019Etat. L\u2019entreprise est donc, indique-t-on, en droit de faire une r\u00e9clamation pour ses frais financiers et son \u00e9quipe maintenue sur site depuis d\u00e9cembre 2017 jusqu\u2019\u00e0 la fin des travaux de la ligne et des essais.<\/p>\n<p><strong>Risque de sinistre sur ouvrages construits<\/strong><br \/>Les essais individuels des groupes ont \u00e9t\u00e9 effectu\u00e9s par la Sonatrel et sont concluants. Ce qui permet une \u00e9valuation partielle de l\u2019\u00e9nergie produite via un raccordement provisoire qui a \u00e9t\u00e9 effectu\u00e9. Ceci pr\u00e9sente deux risques : un risque de stabilit\u00e9 du r\u00e9seau existant car, il n\u2019y a pas eu d\u2019\u00e9tude de stabilit\u00e9 et d\u2019int\u00e9gration de cette nouvelle solution ; un risque de dommage sur les ouvrages, n\u2019ayant pas fait d\u2019\u00e9tude de stabilit\u00e9 et d\u2019int\u00e9gration, et utilisant deux tron\u00e7ons de ligne en chantier et non r\u00e9ceptionn\u00e9s, il y a un risque potentiel de sinistre d\u2019une ligne par d\u00e9faut \u00e9ventuel de l\u2019autre. Il y a \u00e0 noter, pr\u00e9cise-t-on, qu\u2019on a la ligne de Memve\u2019ele et la ligne de EDC en chantier. Les conditions d\u2019exploitation de ces lignes et postes ne sont pas claires, ni c\u00f4t\u00e9 Sonatrel, ni c\u00f4t\u00e9 entreprise et ma\u00eetre d\u2019ouvrage d\u00e9l\u00e9gu\u00e9.<\/p>\n<p><strong>Risque politique et financier<\/strong><br \/>Actuellement <strong>45 MW<\/strong> environ sont inject\u00e9s dans le r\u00e9seau Eneo. L\u2019entreprise Sinohydro demande la r\u00e9ception de l\u2019usine. Or d\u2019apr\u00e8s le contrat, ce n\u2019est qu\u2019apr\u00e8s les essais \u00e0 Ahala (dans 15 mois au meilleur des cas). Elle se propose donc, apprend-on, d\u2019arr\u00eater les groupes qui sont sous sa responsabilit\u00e9 et red\u00e9marrer seulement en fin 2020. Par ailleurs, pour que Sinohydro commence \u00e0 travailler au poste de Ahala o\u00f9 le courant de Memve\u2019ele sera inject\u00e9, il faut d\u00e9monter les \u00e9quipements du Plan Thermique d\u2019Urgence (PTU) (40 MW) par Eneo. Cet arr\u00eat des groupes serait un risque politique et une perte financi\u00e8re \u00e9norme car, le Cameroun doit d\u00e9j\u00e0 commencer \u00e0 rembourser la dette. \u00ab <em>M\u00eame avec 45 MW, nous avons d\u00e9j\u00e0 plus de <strong>34 000 MGWh<\/strong> inject\u00e9s dans le r\u00e9seau en un mois<\/em> \u00bb, affirme-t-on \u00e0 l\u2019Unit\u00e9 op\u00e9rationnelle.<\/p>\n<p><strong>N\u00e9cessit\u00e9 de doter l\u2019Unit\u00e9 op\u00e9rationnelle d\u2019un statut juridique<\/strong><br \/>C\u2019est donc un pr\u00e9alable qu\u2019il va d\u2019abord falloir lever avant toute forme de transfert de Memv\u00e9\u2019ele \u00e0 EDC. Deux options sont pr\u00e9sent\u00e9es pour rendre possible cette op\u00e9ration. Soit la fusion absorption qui est la forme la plus courante de ces rapprochements, mais \u00e9galement ce n\u2019est pas la seule, il existe aussi des fusions par apport de titres total ou partiel. Il serait donc loisible de qualifier le type d\u2019op\u00e9ration au pr\u00e9alable pour en retenir les effets juridiques, indique-t-on. Il s\u2019agit d\u2019un exercice d\u00e9licat, pr\u00e9vient l\u2019Unit\u00e9 op\u00e9rationnelle, dans la mesure o\u00f9, pour l\u2019hypoth\u00e8se de la fusion absorption, Memve\u2019ele doit \u00eatre une soci\u00e9t\u00e9 constitu\u00e9e afin de valider ce m\u00e9canisme juridique et d\u2019en impl\u00e9menter les effets juridiques conform\u00e9ment aux principes y relatifs. La qualit\u00e9 de Memve\u2019ele juridiquement constitue un frein. La cr\u00e9ation d\u2019une soci\u00e9t\u00e9 d\u00e9di\u00e9e aurait \u00e9t\u00e9 la panac\u00e9e. Cette question de la cr\u00e9ation d\u2019une entit\u00e9 jouissant des qualit\u00e9s et capacit\u00e9 juridiques pour le faire d\u00e9j\u00e0 a \u00e9t\u00e9 adress\u00e9e, informe-t-on mais c\u2019est toujours sans r\u00e9ponse. Cette entit\u00e9 est n\u00e9cessaire pour exercer dans le secteur. Mais l\u2019on esp\u00e8re qu\u2019il y a toujours de la place pour la r\u00e9flexion. Elle peut notamment porter sur deux aspects : Premi\u00e8rement, on peut qualifier d\u2019Apport partiel d\u2019actif (APA), le transfert de l\u2019actif de Memve\u2019ele dans le patrimoine de EDC. C\u2019est un m\u00e9canisme qui permet de transmettre \u00e0 une autre soci\u00e9t\u00e9 un ensemble d\u2019\u00e9l\u00e9ments de son patrimoine, tant actifs que passifs, qui constituent une branche d\u2019activit\u00e9. Ce type d\u2019apport s\u2019analyse comme des apports purs et simples (un apport pur et simple \u00e0 EDC serait alors l\u2019apport d\u2019un \u00e9l\u00e9ment d\u2019actif de Memve\u2019ele sans lui transmettre simultan\u00e9ment un passif\u2026)<\/p>\n<p><strong>Parachever Memve\u2019ele II<\/strong><br \/>Pour ces raisons, ici, l\u2019on supposera que l\u2019APA porte sur le barrage et la centrale. La question de la commercialisation de l\u2019\u00e9nergie de Memve\u2019ele qui est \u00e0 la base des hautes directives, trouverait donc solution, car port\u00e9e par une entit\u00e9 ayant un statut juridique, estime l\u2019Unit\u00e9 op\u00e9rationnelle de Memve\u2019ele. En consid\u00e9rant que l\u2019op\u00e9ration de transfert de l\u2019actif Memve\u2019ele est semblable \u00e0 l\u2019apport partiel d\u2019actif, celui-ci, indique-t-on, n\u2019entrainerait pas de dissolution de la soci\u00e9t\u00e9 porteuse, en l\u2019occurrence la Cellule et son Unit\u00e9 op\u00e9rationnelle, parce que plusieurs autres composantes s\u2019y trouvent et sont en cours de r\u00e9alisation sous son couvert. Et dans ce cas de figure et cons\u00e9quemment, compte tenu du nombre d\u2019activit\u00e9s encore en cours de r\u00e9alisation et consid\u00e9rant l\u2019impact avenir de celles-ci, l\u2019on sugg\u00e8re de reconsid\u00e9rer et actualiser les missions de l\u2019Unit\u00e9 op\u00e9rationnelle actuelle dans son r\u00f4le d\u2019organe d\u2019ex\u00e9cution pour continuer \u00e0 d\u00e9velopper les capacit\u00e9s de production sur le bassin du Ntem, notamment Memve\u2019ele II, en lui confiant un mandat comme celui en cours d\u2019ach\u00e8vement.<\/p>\n<hr\/>\n<h4><strong>>> Lire aussi \u2013 <a title=\"Hydro\u00e9lectricit\u00e9 : Gaston Eloundou Essomba et le pi\u00e8ge de Memve\u2019ele\" href=\"https:\/\/ecomatin.net\/hydroelectricite-gaston-eloundou-essomba-et-le-piege-de-memveele\/\" target=\"_blank\" rel=\"noopener noreferrer\">Hydro\u00e9lectricit\u00e9 : Gaston Eloundou Essomba et le pi\u00e8ge de Memve\u2019ele<\/a><br \/><\/strong><\/h4>\n<hr\/>\n<p>Les travaux en cours de Memve\u2019ele II, rappelle-t-on, rel\u00e8vent elles aussi, de tr\u00e8s hautes instructions du chef de l\u2019Etat telles que r\u00e9percut\u00e9es au ministre de l\u2019Eau et de l\u2019Energie par le ministre, Secr\u00e9taire g\u00e9n\u00e9ral de la pr\u00e9sidence de la R\u00e9publique en date du 30 septembre 2015, ayant trait \u00e0 la r\u00e9alisation \u00ab des ouvrages destin\u00e9s \u00e0 optimiser l\u2019exploitation du fleuve Ntem, \u00e0 savoir, un barrage de retenue et un deuxi\u00e8me barrage de production \u00bb. Les avantages sont multiples, notamment, le moindre co\u00fbt de l\u2019op\u00e9ration en ma\u00eetrisant certains effets juridiques li\u00e9s aux m\u00e9canismes de transfert ; la complexit\u00e9 des modalit\u00e9s pour mettre en ex\u00e9cution les tr\u00e8s hautes instructions du chef de l\u2019Etat finalement contourn\u00e9e ; la disponibilit\u00e9 d\u2019une entit\u00e9 ayant un statut juridique en vue d\u2019exploiter la centrale ; la ma\u00eetrise des cons\u00e9quences sociales d\u2019un tel transfert pour le personnel de Memve\u2019ele ; le d\u00e9veloppement de Memve\u2019ele II ; la continuit\u00e9 du service pour des activit\u00e9s en cours de r\u00e9alisation.<\/p>\n<div class=\"about-author about-author-box container-wrapper\">\n<div class=\"author-avatar\">\n<p><img decoding=\"async\" src=\"http:\/\/\" alt=\"\"\/><\/p>\n<\/div>\n<p><h4>La R\u00e9daction EcoMatin<\/h4>\n<\/p>\n<\/div>\n<div class=\"awac-wrapper awac widget blog_subscription-2\">\n<h4 class=\"widget-title\">Abonnez-vous \u00e0 notre lettre d&rsquo;information<\/h4>\n<\/div>\n<p>Auteur: EcoMatin<br \/>\n<a href=\"https:\/\/ecomatin.net\/barrage-hydroelectrique-ces-risques-qui-complexifient-le-transfert-de-memveele-a-edc\/\">Cliquez ici pour lire l&rsquo;article depuis sa source.<\/a><\/p>\n","protected":false},"excerpt":{"rendered":"<p>Cela s\u2019av\u00e8re donc une \u00e9quation pas du tout facile \u00e0 r\u00e9soudre : le transfert du barrage de Memve\u2019ele dans le patrimoine de la soci\u00e9t\u00e9 Electricity Development Corporation (EDC). En effet, bien que la date de d\u00e9but de production, qui \u00e9tait initialement pr\u00e9vue pour le d\u00e9but de l\u2019ann\u00e9e 2018, n\u2019ait pas pu \u00eatre respect\u00e9e, une solution [&hellip;]<\/p>\n","protected":false},"author":1969,"featured_media":0,"comment_status":"closed","ping_status":"closed","sticky":false,"template":"","format":"standard","meta":{"fifu_image_url":"","fifu_image_alt":"","footnotes":""},"categories":[82,78],"tags":[],"class_list":["post-41993","post","type-post","status-publish","format-standard","hentry","category-cameroun","category-economie"],"_links":{"self":[{"href":"https:\/\/linitiative.ca\/International\/wp-json\/wp\/v2\/posts\/41993","targetHints":{"allow":["GET"]}}],"collection":[{"href":"https:\/\/linitiative.ca\/International\/wp-json\/wp\/v2\/posts"}],"about":[{"href":"https:\/\/linitiative.ca\/International\/wp-json\/wp\/v2\/types\/post"}],"author":[{"embeddable":true,"href":"https:\/\/linitiative.ca\/International\/wp-json\/wp\/v2\/users\/1969"}],"replies":[{"embeddable":true,"href":"https:\/\/linitiative.ca\/International\/wp-json\/wp\/v2\/comments?post=41993"}],"version-history":[{"count":0,"href":"https:\/\/linitiative.ca\/International\/wp-json\/wp\/v2\/posts\/41993\/revisions"}],"wp:attachment":[{"href":"https:\/\/linitiative.ca\/International\/wp-json\/wp\/v2\/media?parent=41993"}],"wp:term":[{"taxonomy":"category","embeddable":true,"href":"https:\/\/linitiative.ca\/International\/wp-json\/wp\/v2\/categories?post=41993"},{"taxonomy":"post_tag","embeddable":true,"href":"https:\/\/linitiative.ca\/International\/wp-json\/wp\/v2\/tags?post=41993"}],"curies":[{"name":"wp","href":"https:\/\/api.w.org\/{rel}","templated":true}]}}