{"id":41995,"date":"2019-06-21T11:23:02","date_gmt":"2019-06-21T15:23:02","guid":{"rendered":"https:\/\/linitiative.ca\/International\/compagnie-dassurances-la-responsabilite-civile-preoccupe\/"},"modified":"2019-06-21T11:23:02","modified_gmt":"2019-06-21T15:23:02","slug":"compagnie-dassurances-la-responsabilite-civile-preoccupe","status":"publish","type":"post","link":"https:\/\/linitiative.ca\/International\/compagnie-dassurances-la-responsabilite-civile-preoccupe\/","title":{"rendered":"Compagnie d\u2019assurances : la responsabilit\u00e9 civile pr\u00e9occupe"},"content":{"rendered":"<p>Dans la sous-r\u00e9gion Afrique centrale, la responsabilit\u00e9 civile (RC) est un segment de l\u2019assurance qui reste tr\u00e8s faible. A en croire <strong>D\u00e9sir\u00e9 Mboulou Ngoa<\/strong>, chef du d\u00e9partement technique et commercial chez Soci\u00e9t\u00e9 commerciale gabonaise de r\u00e9assurance (<strong>SCG-R\u00e9<\/strong>), ce volet de l\u2019assurance repr\u00e9sente \u00e0 peine <strong>1 %<\/strong>, sinon <strong>2 %<\/strong> du chiffre d\u2019affaires et quand on regarde son taux de p\u00e9n\u00e9tration, il est aussi faible. \u00ab <em>Nous pensons que c\u2019est une branche qu\u2019il convient de d\u00e9velopper, car quand on prend par exemple le march\u00e9 camerounais qui fait aujourd\u2019hui <strong>17 millions<\/strong> de population et <strong>11 millions<\/strong> de population active, \u00e0 supposer qu\u2019il y ait <strong>1000 francs<\/strong> de prime, vous imaginez ce que \u00e7a fera par rapport \u00e0 la fluidit\u00e9 et au cash-flow dont les soci\u00e9t\u00e9s ont besoin<\/em> \u00bb, analyse-t-il.<\/p>\n<p>Ainsi, pour renforcer les r\u00e9sultats \u00e0 venir, la SCG-R\u00e9 et Continentale R\u00e9 ont organis\u00e9 \u00e0 Douala un s\u00e9minaire\u00a0 avec de nombreuses compagnies d\u2019assurances. Il est question de rafra\u00eechir la m\u00e9moire de certains acteurs, les outiller en strat\u00e9gies innovantes pour que la RC soit compt\u00e9e parmi les volets qui permettent aux compagnies d\u2019assurances de se faire des chiffres plus parlants. \u00ab <em>Il convient de d\u00e9velopper la RC, de donner des \u00e9l\u00e9ments pour bien vendre ces produits et permettre que ce taux de p\u00e9n\u00e9tration qui est un frein \u00e9norme \u00e0 l\u2019expansion des activit\u00e9s des assurances soit r\u00e9gl\u00e9 et permettre de r\u00e9gler ais\u00e9ment les sinistres. \u00a0Permettre aussi que les assureurs jouent leur r\u00f4le de participer au d\u00e9veloppement de l\u2019\u00e9conomie comme souhait\u00e9 et envisag\u00e9<\/em> \u00bb, souligne D\u00e9sir\u00e9 Ngoa Mboulou.<\/p>\n<p>Pour <strong>Mme Lety Endely<\/strong>, directrice g\u00e9n\u00e9rale de Continental R\u00e9, les travaux de Douala\u00a0 qui se sont achev\u00e9s le 14 juin dernier, avaient pour mission de mettre l\u2019accent sur les opportunit\u00e9s commerciales, pr\u00e9parer les march\u00e9s jusque-l\u00e0 tr\u00e8s peu connus des souscrits dans la r\u00e9gion. \u00ab <em>Cette ann\u00e9e, nous avons ax\u00e9 notre choix sur la responsabilit\u00e9 civile g\u00e9n\u00e9rale, professionnelle et ses dirigeants<\/em> \u00bb, d\u00e9clare-elle. La rencontre de Douala est salu\u00e9e par l\u2019<strong>Association des soci\u00e9t\u00e9s d\u2019assurances du Cameroun<\/strong> (<strong>Asac)<\/strong> qui y voit une occasion capable, d\u2019ici le prochain exercice, de donner des ailes \u00e0 l\u2019assurance. \u00ab <em>Au sortir de la 2<sup>\u00e8me<\/sup> \u00e9dition des journ\u00e9es de l\u2019assurance qui s\u2019est tenue du 29 mai au 1er juin 2019 ici \u00e0 Douala, l\u2019option de vulgarisation et de promotion des produits d\u2019assurances a \u00e9t\u00e9 r\u00e9affirm\u00e9e comme un imp\u00e9ratif absolu vis-\u00e0-vis du grand public, petits et grands, particuliers et entreprises, citadins et ruraux<\/em> \u00bb, fait remarquer <strong>Val\u00e8re Baliaba<\/strong>, charg\u00e9 d\u2019\u00e9tudes et de la communication aupr\u00e8s de l\u2019Asac.<\/p>\n<p>A son observation, au lendemain de l\u2019\u00e9ch\u00e9ance du 31 mai 2019 fix\u00e9 par la <strong>Conf\u00e9rence inter-africaine des march\u00e9s d\u2019assurances<\/strong> ( <strong>Cima)<\/strong> pour le rel\u00e8vement du capital minimum des compagnies d\u2019assurances \u00e0 <strong>3 milliards de FCFA<\/strong>, il devient indispensable de trouver des voies et moyens pour d\u00e9velopper le chiffre d\u2019affaires du march\u00e9. \u00ab <em>Les assurances obligatoires que sont les diverses responsabilit\u00e9s civiles constituent plus qu\u2019une niche, un gisement non ou mal explor\u00e9 et exploit\u00e9. Les statistiques de la <strong>FANAF<\/strong> (<strong>F\u00e9d\u00e9ration des soci\u00e9t\u00e9s d\u2019assurances de droit national africaine<\/strong>) situent \u00e0 <strong>2%<\/strong> la part de la RC dans le chiffre d\u2019affaires global ; voisin du taux de p\u00e9n\u00e9tration de l\u2019assurance en Afrique. Il y a beaucoup \u00e0 faire<\/em> \u00bb, reconnait M. Val\u00e8re Baliaba. Les travaux de Douala avaient pour th\u00e8me \u00ab<em>Axes de d\u00e9veloppement de l\u2019assurance responsabilit\u00e9 civile<\/em>\u00a0\u00bb.<\/p>\n<div class=\"about-author about-author-box container-wrapper\">\n<div class=\"author-avatar\">\n<p><img decoding=\"async\" src=\"http:\/\/\" alt=\"\"\/><\/p>\n<\/div>\n<p><h4>La R\u00e9daction EcoMatin<\/h4>\n<\/p>\n<\/div>\n<div class=\"awac-wrapper awac widget blog_subscription-2\">\n<h4 class=\"widget-title\">Abonnez-vous \u00e0 notre lettre d&rsquo;information<\/h4>\n<\/div>\n<p>Auteur: EcoMatin<br \/>\n<a href=\"https:\/\/ecomatin.net\/compagnie-dassurances-la-responsabilite-civile-preoccupe\/\">Cliquez ici pour lire l&rsquo;article depuis sa source.<\/a><\/p>\n","protected":false},"excerpt":{"rendered":"<p>Dans la sous-r\u00e9gion Afrique centrale, la responsabilit\u00e9 civile (RC) est un segment de l\u2019assurance qui reste tr\u00e8s faible. A en croire D\u00e9sir\u00e9 Mboulou Ngoa, chef du d\u00e9partement technique et commercial chez Soci\u00e9t\u00e9 commerciale gabonaise de r\u00e9assurance (SCG-R\u00e9), ce volet de l\u2019assurance repr\u00e9sente \u00e0 peine 1 %, sinon 2 % du chiffre d\u2019affaires et quand on [&hellip;]<\/p>\n","protected":false},"author":1969,"featured_media":0,"comment_status":"closed","ping_status":"closed","sticky":false,"template":"","format":"standard","meta":{"fifu_image_url":"","fifu_image_alt":"","footnotes":""},"categories":[82,78],"tags":[],"class_list":["post-41995","post","type-post","status-publish","format-standard","hentry","category-cameroun","category-economie"],"_links":{"self":[{"href":"https:\/\/linitiative.ca\/International\/wp-json\/wp\/v2\/posts\/41995","targetHints":{"allow":["GET"]}}],"collection":[{"href":"https:\/\/linitiative.ca\/International\/wp-json\/wp\/v2\/posts"}],"about":[{"href":"https:\/\/linitiative.ca\/International\/wp-json\/wp\/v2\/types\/post"}],"author":[{"embeddable":true,"href":"https:\/\/linitiative.ca\/International\/wp-json\/wp\/v2\/users\/1969"}],"replies":[{"embeddable":true,"href":"https:\/\/linitiative.ca\/International\/wp-json\/wp\/v2\/comments?post=41995"}],"version-history":[{"count":0,"href":"https:\/\/linitiative.ca\/International\/wp-json\/wp\/v2\/posts\/41995\/revisions"}],"wp:attachment":[{"href":"https:\/\/linitiative.ca\/International\/wp-json\/wp\/v2\/media?parent=41995"}],"wp:term":[{"taxonomy":"category","embeddable":true,"href":"https:\/\/linitiative.ca\/International\/wp-json\/wp\/v2\/categories?post=41995"},{"taxonomy":"post_tag","embeddable":true,"href":"https:\/\/linitiative.ca\/International\/wp-json\/wp\/v2\/tags?post=41995"}],"curies":[{"name":"wp","href":"https:\/\/api.w.org\/{rel}","templated":true}]}}