{"id":41996,"date":"2019-06-21T12:03:00","date_gmt":"2019-06-21T16:03:00","guid":{"rendered":"https:\/\/linitiative.ca\/International\/decentralisation-53-milliards-fcfa-pour-lelectrification-et-la-rehabilitation-de-la-commune-de-lagdo\/"},"modified":"2019-06-21T12:03:00","modified_gmt":"2019-06-21T16:03:00","slug":"decentralisation-53-milliards-fcfa-pour-lelectrification-et-la-rehabilitation-de-la-commune-de-lagdo","status":"publish","type":"post","link":"https:\/\/linitiative.ca\/International\/decentralisation-53-milliards-fcfa-pour-lelectrification-et-la-rehabilitation-de-la-commune-de-lagdo\/","title":{"rendered":"Decentralisation: 5,3 milliards FCFA pour l\u2019\u00e9lectrification et la r\u00e9habilitation de la commune de Lagdo"},"content":{"rendered":"<p class=\"m_-6672618650885477507ydp98d9ffe7yiv9121932540MsoNormal\">Le ministre de l\u2019Economie, de la planification et de l\u2019am\u00e9nagement du territoire (<strong>Minepat<\/strong>),\u00a0<strong>Alamine<\/strong>\u00a0<strong>Ousmane<\/strong>\u00a0<strong>Mey<\/strong> \u00a0et\u00a0<strong>Mama\u00a0<\/strong><strong>Abaka\u00ef<\/strong>, maire de la commune de Lagdo, ont proc\u00e9d\u00e9 le 18 juin 2019 \u00e0 Yaound\u00e9 \u00e0 la signature de convention de financement \u00e0 hauteur de\u00a0<strong>5,3 milliards FCFA<\/strong>\u00a0dans le cadre du\u00a0<strong>Contrat-Plan Etat\/Commune.<\/strong><\/p>\n<p>Ces fonds, dont la mise en \u0153uvre s\u2019\u00e9tend sur la p\u00e9riode 2019-2021, sont destin\u00e9s \u00e0 la r\u00e9alisation de deux projets. Notamment le projet d\u2019\u00e9lectrification de\u00a0<strong>16 localit\u00e9s<\/strong>\u00a0d\u2019un montant de\u00a0<strong>1,686 milliards FCFA\u00a0<\/strong>pr\u00e9vu pour l\u2019exercice 2019. Il permettre aux 8\u00a0400 \u00e2mes de cette localit\u00e9 d\u2019avoir acc\u00e8s \u00e0 l\u2019\u00e9lectricit\u00e9 et fera passer la couverture du r\u00e9seau \u00e9lectrique de\u00a0<strong>7<\/strong>\u00e0\u00a0<strong>16%.<\/strong>\u00a0Le second projet concerne la r\u00e9habilitation de la voirie de la ville de Lagdo, avec\u00a0<strong>5,5 km<\/strong>\u00a0de bitumes, dont le co\u00fbt estim\u00e9 \u00e0\u00a0<strong>3,16 milliards FCFA.<\/strong>\u00a0Il s\u2019\u00e9talera sur la p\u00e9riode 2020-2021.\u00a0<em>\u00ab\u00a0La construction de ces ouvrages d\u2019assainissement et le bitumage de certaines art\u00e8res de la cit\u00e9 baln\u00e9aire viendront am\u00e9liorer le cadre de vie des\u00a0<strong>23\u00a0816 citoyens<\/strong>\u00a0de cette ville cosmopolite\u00a0\u00bb,<\/em>\u00a0a d\u00e9clar\u00e9\u00a0\u00a0<strong>Mama Abaka\u00ef<\/strong>, maire de Lagdo.<\/p>\n<hr\/>\n<h4><strong>>> Lire aussi \u2013 <a title=\"D\u00e9centralisation :des financements plus importants pour les collectivit\u00e9s territoriales d\u00e9centralis\u00e9es\" href=\"https:\/\/ecomatin.net\/decentralisation-des-financements-plus-importants-pour-les-collectivites-territoriales-decentralisees\/\" target=\"_blank\" rel=\"noopener noreferrer\">D\u00e9centralisation :des financements plus importants pour les collectivit\u00e9s territoriales d\u00e9centralis\u00e9es<\/a><br \/><\/strong><\/h4>\n<hr\/>\n<p class=\"m_-6672618650885477507ydp98d9ffe7yiv9121932540MsoNormal\">Conform\u00e9ment au principe du cofinancement qui r\u00e9git le\u00a0<strong>Contrat-plan<\/strong>, l\u2019Etat contribuera \u00e0 hauteur de\u00a0<strong>4,763 milliards FCFA<\/strong>et la commune pour un montant de\u00a0<strong>240 millions FCFA.<\/strong>\u00a0\u00ab\u00a0La municipalit\u00e9 de Lagdo a \u00e9t\u00e9 choisie comme commune pilote de lancement du Contrat-Plan Etat-commune dans notre pays. Ce choix a \u00e9t\u00e9 fait sur la base de son dynamisme et de sa capacit\u00e9 \u00e0 produire des r\u00e9sultats satisfaisants dans les d\u00e9lais impartis. A titre d\u2019illustration, cette commune a \u00e9t\u00e9 l\u2019une des rares, sinon la seule, \u00e0 pouvoir mobiliser plus d\u2019un milliard de FCFA durant la premi\u00e8re phase du Programme national de d\u00e9veloppement participatif (PNDP)\u00a0avec des r\u00e9alisations qui font sa fiert\u00e9 aujourd\u2019hui \u00bb, a fait savoir le ministre en charge de l\u2019Economie,\u00a0<strong>Alamine Ousmane Mey.<\/strong><\/p>\n<p class=\"m_-6672618650885477507ydp98d9ffe7yiv9121932540MsoNormal\">Il faut pr\u00e9ciser que le\u00a0<strong>Contrat-plan Etat\/commune<\/strong><em>\u00a0<\/em>est un cadre de collaboration entre l\u2019Etat et la commune pour la r\u00e9alisation d\u2019objectifs essentiellement adoss\u00e9s sur le Plan communal de d\u00e9veloppement. Il peut \u00eatre sign\u00e9 entre l\u2019Etat et commune, un groupe de communes dans le cadre de l\u2019intercommunalit\u00e9, un syndicat de communes ou une communaut\u00e9 urbaine.<\/p>\n<div class=\"about-author about-author-box container-wrapper\">\n<div class=\"author-avatar\">\n<p><img decoding=\"async\" src=\"http:\/\/\" alt=\"\"\/><\/p>\n<\/div>\n<p><h4>La R\u00e9daction EcoMatin<\/h4>\n<\/p>\n<\/div>\n<div class=\"awac-wrapper awac widget blog_subscription-2\">\n<h4 class=\"widget-title\">Abonnez-vous \u00e0 notre lettre d&rsquo;information<\/h4>\n<\/div>\n<p>Auteur: EcoMatin<br \/>\n<a href=\"https:\/\/ecomatin.net\/decentralisation-53-milliards-fcfa-pour-lelectrification-et-la-rehabilitation-de-la-commune-de-lagdo\/\">Cliquez ici pour lire l&rsquo;article depuis sa source.<\/a><\/p>\n","protected":false},"excerpt":{"rendered":"<p>Le ministre de l\u2019Economie, de la planification et de l\u2019am\u00e9nagement du territoire (Minepat),\u00a0Alamine\u00a0Ousmane\u00a0Mey \u00a0et\u00a0Mama\u00a0Abaka\u00ef, maire de la commune de Lagdo, ont proc\u00e9d\u00e9 le 18 juin 2019 \u00e0 Yaound\u00e9 \u00e0 la signature de convention de financement \u00e0 hauteur de\u00a05,3 milliards FCFA\u00a0dans le cadre du\u00a0Contrat-Plan Etat\/Commune. Ces fonds, dont la mise en \u0153uvre s\u2019\u00e9tend sur la p\u00e9riode [&hellip;]<\/p>\n","protected":false},"author":1969,"featured_media":0,"comment_status":"closed","ping_status":"closed","sticky":false,"template":"","format":"standard","meta":{"fifu_image_url":"","fifu_image_alt":"","footnotes":""},"categories":[82,78],"tags":[],"class_list":["post-41996","post","type-post","status-publish","format-standard","hentry","category-cameroun","category-economie"],"_links":{"self":[{"href":"https:\/\/linitiative.ca\/International\/wp-json\/wp\/v2\/posts\/41996","targetHints":{"allow":["GET"]}}],"collection":[{"href":"https:\/\/linitiative.ca\/International\/wp-json\/wp\/v2\/posts"}],"about":[{"href":"https:\/\/linitiative.ca\/International\/wp-json\/wp\/v2\/types\/post"}],"author":[{"embeddable":true,"href":"https:\/\/linitiative.ca\/International\/wp-json\/wp\/v2\/users\/1969"}],"replies":[{"embeddable":true,"href":"https:\/\/linitiative.ca\/International\/wp-json\/wp\/v2\/comments?post=41996"}],"version-history":[{"count":0,"href":"https:\/\/linitiative.ca\/International\/wp-json\/wp\/v2\/posts\/41996\/revisions"}],"wp:attachment":[{"href":"https:\/\/linitiative.ca\/International\/wp-json\/wp\/v2\/media?parent=41996"}],"wp:term":[{"taxonomy":"category","embeddable":true,"href":"https:\/\/linitiative.ca\/International\/wp-json\/wp\/v2\/categories?post=41996"},{"taxonomy":"post_tag","embeddable":true,"href":"https:\/\/linitiative.ca\/International\/wp-json\/wp\/v2\/tags?post=41996"}],"curies":[{"name":"wp","href":"https:\/\/api.w.org\/{rel}","templated":true}]}}