{"id":41998,"date":"2019-06-22T04:00:09","date_gmt":"2019-06-22T08:00:09","guid":{"rendered":"https:\/\/linitiative.ca\/International\/promotion-touristique-port-de-tanger-ville-les-premieres-journees-portes-ouvertes-tres-animees\/"},"modified":"2019-06-22T04:00:09","modified_gmt":"2019-06-22T08:00:09","slug":"promotion-touristique-port-de-tanger-ville-les-premieres-journees-portes-ouvertes-tres-animees","status":"publish","type":"post","link":"https:\/\/linitiative.ca\/International\/promotion-touristique-port-de-tanger-ville-les-premieres-journees-portes-ouvertes-tres-animees\/","title":{"rendered":"Promotion touristique \u2013 Port de Tanger Ville : Les premi\u00e8res journ\u00e9es portes ouvertes tr\u00e8s anim\u00e9es"},"content":{"rendered":"<p><img decoding=\"async\" class=\"post_layout_5_img\" src=\"http:\/\/aujourdhui.ma\/wp-content\/uploads\/2019\/06\/Port-de-Tanger-Ville-journe%CC%81es-portes-ouvertes.jpg?x29840\" alt=\"Promotion touristique \u2013 Port de Tanger Ville : Les premi\u00e8res journ\u00e9es portes ouvertes tr\u00e8s anim\u00e9es\"\/><\/p>\n<p class=\"p1\"><span class=\"c4\"><strong><em>Les organisateurs ont permis aux visiteurs de vivre une autre ambiance \u00e0 bord d\u2019un faux bateau pirate avec deux personnages d\u00e9guis\u00e9s pour l\u2019occasion en Jack Barrow.<\/em><\/strong><\/span> <span id=\"more-313416\"\/><\/p>\n<p class=\"p1\">Le public tang\u00e9rois et les visiteurs de la ville du d\u00e9troit \u00e9taient invit\u00e9s \u00e0 d\u00e9couvrir des sites historiques et touristiques tels que Borj Dar El Baroud, Bab El Marsa, l\u2019ancienne Douane et Tanja Marina Bay International, et ce dans une ambiance festive et conviviale. C\u2019\u00e9tait \u00e0 l\u2019occasion des premi\u00e8res journ\u00e9es portes ouvertes organis\u00e9es derni\u00e8rement au Port de Tanger Ville. Cet \u00e9v\u00e9nement s\u2019inscrit, selon les organisateurs, dans le cadre de la promotion et du d\u00e9veloppement du secteur touristique de la r\u00e9gion en g\u00e9n\u00e9ral et de Tanger en particulier. <em>\u00abCette manifestation a \u00e9galement pour objectif d\u2019unir le port \u00e0 la ville, un des axes directeurs du projet de reconversion de la zone portuaire de Tanger Ville : cr\u00e9er un lieu de vie pour tous et le faire dans le respect de la riche histoire du lieu\u00bb,<\/em> tiennent \u00e0 pr\u00e9ciser les responsables de la soci\u00e9t\u00e9 de gestion du port de Tanger Ville, organisatrice de cet \u00e9v\u00e9nement.<\/p>\n<p class=\"p1\">Comme pr\u00e9vu, un parcours a \u00e9t\u00e9 propos\u00e9, au cours de ces deux journ\u00e9es, o\u00f9 les visiteurs ont pu visiter, selon leur choix, librement ou avec un expert ou un guide, le b\u00e2timent de l\u2019ancienne Douane, Borj Dal El Baroud, Bab El Marsa, le showroom du port de Tanger Ville. Cet \u00e9v\u00e9nement a \u00e9t\u00e9 marqu\u00e9 par des activit\u00e9s tr\u00e8s anim\u00e9es avec des groupes folkloriques, des danseurs, des acrobates,\u2026 Le public a pu profiter d\u2019autres animations en partenariat avec l\u2019Association Night\u2019Art \u00e0 Tanja Marina Bay International.<\/p>\n<p class=\"p1\">Les organisateurs ont permis aux visiteurs de vivre une autre ambiance \u00e0 bord d\u2019un faux bateau pirate avec deux personnages d\u00e9guis\u00e9s pour l\u2019occasion en Jack Barrow. Le programme de ces premi\u00e8res journ\u00e9es a comport\u00e9 des spectacles de tambours et Capoeira avec la participation du public. Les enfants n\u2019\u00e9taient pas en reste, les organisateurs leur ont am\u00e9nag\u00e9 un bel et grand espace avec un programme sp\u00e9cifique.<\/p>\n<p class=\"p1\">Il s\u2019agissait d\u2019un village d\u00e9couverte avec cinq dalots, install\u00e9s sur l\u2019esplanade et o\u00f9 se situe la fontaine musicale avec des ateliers \u00e9ducatifs.<span class=\"Apple-converted-space\">\u00a0<\/span> Il est \u00e0 noter que ces premi\u00e8res journ\u00e9es portes ouvertes ont \u00e9t\u00e9 cl\u00f4tur\u00e9es par le vernissage d\u2019une exposition (peintures, dessins, photographies, digital art et Street art) de jeunes artistes et dont le th\u00e8me est en rapport avec l\u2019objectif principal de cet \u00e9v\u00e9nement. Les organisateurs ont voulu y cr\u00e9er une ambiance musicale et sp\u00e9cifique au vernissage de cette exposition collective.<\/p>\n<p>Auteur: Najat Fa\u00efssal<br \/>\n<a href=\"http:\/\/aujourdhui.ma\/economie\/promotion-touristique-port-de-tanger-ville-les-premieres-journees-portes-ouvertes-tres-animees\">Cliquez ici pour lire l&rsquo;article depuis sa source.<\/a><\/p>\n","protected":false},"excerpt":{"rendered":"<p>Les organisateurs ont permis aux visiteurs de vivre une autre ambiance \u00e0 bord d\u2019un faux bateau pirate avec deux personnages d\u00e9guis\u00e9s pour l\u2019occasion en Jack Barrow. Le public tang\u00e9rois et les visiteurs de la ville du d\u00e9troit \u00e9taient invit\u00e9s \u00e0 d\u00e9couvrir des sites historiques et touristiques tels que Borj Dar El Baroud, Bab El Marsa, [&hellip;]<\/p>\n","protected":false},"author":1759,"featured_media":0,"comment_status":"closed","ping_status":"closed","sticky":false,"template":"","format":"standard","meta":{"fifu_image_url":"","fifu_image_alt":"","footnotes":""},"categories":[73,54],"tags":[],"class_list":["post-41998","post","type-post","status-publish","format-standard","hentry","category-actualite","category-maroc"],"_links":{"self":[{"href":"https:\/\/linitiative.ca\/International\/wp-json\/wp\/v2\/posts\/41998","targetHints":{"allow":["GET"]}}],"collection":[{"href":"https:\/\/linitiative.ca\/International\/wp-json\/wp\/v2\/posts"}],"about":[{"href":"https:\/\/linitiative.ca\/International\/wp-json\/wp\/v2\/types\/post"}],"author":[{"embeddable":true,"href":"https:\/\/linitiative.ca\/International\/wp-json\/wp\/v2\/users\/1759"}],"replies":[{"embeddable":true,"href":"https:\/\/linitiative.ca\/International\/wp-json\/wp\/v2\/comments?post=41998"}],"version-history":[{"count":0,"href":"https:\/\/linitiative.ca\/International\/wp-json\/wp\/v2\/posts\/41998\/revisions"}],"wp:attachment":[{"href":"https:\/\/linitiative.ca\/International\/wp-json\/wp\/v2\/media?parent=41998"}],"wp:term":[{"taxonomy":"category","embeddable":true,"href":"https:\/\/linitiative.ca\/International\/wp-json\/wp\/v2\/categories?post=41998"},{"taxonomy":"post_tag","embeddable":true,"href":"https:\/\/linitiative.ca\/International\/wp-json\/wp\/v2\/tags?post=41998"}],"curies":[{"name":"wp","href":"https:\/\/api.w.org\/{rel}","templated":true}]}}