{"id":41999,"date":"2019-06-22T04:01:17","date_gmt":"2019-06-22T08:01:17","guid":{"rendered":"https:\/\/linitiative.ca\/International\/maroc-namibie-le-match-a-ne-pas-rater\/"},"modified":"2019-06-22T04:01:17","modified_gmt":"2019-06-22T08:01:17","slug":"maroc-namibie-le-match-a-ne-pas-rater","status":"publish","type":"post","link":"https:\/\/linitiative.ca\/International\/maroc-namibie-le-match-a-ne-pas-rater\/","title":{"rendered":"Maroc-Namibie : Le match \u00e0 ne pas rater"},"content":{"rendered":"<p><img decoding=\"async\" class=\"post_layout_5_img\" src=\"http:\/\/aujourdhui.ma\/wp-content\/uploads\/2019\/06\/Equipe-nationale-du-Maroc.jpg?x29840\" alt=\"Maroc-Namibie : Le match \u00e0 ne pas rater\"\/><\/p>\n<p class=\"p1\"><span class=\"c4\"><strong><em>L\u2019\u00e9quipe nationale entame ce dimanche la comp\u00e9tition\u00a0<\/em><em>au stade Al Salam au Caire<\/em><\/strong><\/span><\/p>\n<div class=\"base-box mom_box_sc_custom mom_box_sc clear c5\" readability=\"8\">\n<p class=\"p1\"><strong><em>Les deux derni\u00e8res\u00a0<\/em><em>d\u00e9faites subies tour \u00e0 tour de la part de la Gambie\u00a0<\/em><em>et de la Zambie ont\u00a0<\/em><em>d\u00fb certainement d\u00e9clencher de nouveaux r\u00e9ajustements.<\/em><\/strong><\/p>\n<\/div>\n<p class=\"p1\"><span class=\"s1\">Les choses s\u00e9rieuses commencent. Apr\u00e8s le stage de pr\u00e9paration ponctu\u00e9 par deux matchs amicaux peu concluants, la s\u00e9lection marocaine de football est arriv\u00e9e, mardi soir, \u00e0 l\u2019a\u00e9roport international du Caire pour prendre part \u00e0 la phase finale de la Coupe d\u2019Afrique des Nations (CAN), qui se tiendra en Egypte du 21 juin au 19 juillet.<\/span><\/p>\n<p class=\"p1\"><span class=\"s1\">L\u2019\u00e9quipe nationale, log\u00e9e dans le groupe D aux c\u00f4t\u00e9s de la C\u00f4te d\u2019Ivoire, l\u2019Afrique du Sud et la Namibie, a entam\u00e9 mercredi les s\u00e9ances d\u2019entra\u00eenement.<\/span><\/p>\n<p class=\"p1\"><span class=\"s1\">Pour leur premi\u00e8re sortie, les hommes d\u2019Herv\u00e9 Renard vont en d\u00e9coudre, ce dimanche, avec la Namibie au stade Assalam du Caire. Cette derni\u00e8re n\u2019est surtout pas \u00e0 prendre comme l\u2019outsider du groupe. La d\u00e9claration de son entra\u00eeneur en dit long sur la motivation de cette s\u00e9lection qui retrouve la comp\u00e9tition apr\u00e8s 11 ans d\u2019absence.<\/span><\/p>\n<p class=\"p1\"><span class=\"s1\"><em>\u00abLe camp de Duba\u00ef \u00e9tait parfait pour nous avec les conditions chaudes et nous a \u00e9galement aid\u00e9s d\u2019un point de vue mental \u00e0 \u00e9quilibrer nos pr\u00e9paratifs en vue de notre premier match. Nous sommes l\u2019\u00e9quipe la moins attendue pour gagner, ce qui nous incite \u00e0 en faire plus et nous sommes pr\u00eats \u00e0 le faire\u00bb<\/em>, a d\u00e9clar\u00e9 Ricardo Mannetti.<\/span><\/p>\n<p class=\"p1\"><span class=\"s1\">Il a ajout\u00e9 que son \u00e9quipe donnerait le ton \u00e0 cette campagne avec une bonne performance contre le Maroc ce dimanche.<\/span><\/p>\n<p class=\"p1\"><span class=\"s1\"><em>\u00abLe match contre le Ghana nous a donn\u00e9 beaucoup de confiance pour le match contre le Maroc et nous sommes convaincus que nous pourrons surprendre l\u2019Afrique. Nous avons h\u00e2te que le jeu commence pour pouvoir continuer \u00e0 vivre ce r\u00eave. Notre premier objectif est de gagner notre premier match \u00e0 la CAN\u00bb,<\/em> rench\u00e9rit-il.<\/span><\/p>\n<p class=\"p1\"><span class=\"s1\">Herv\u00e9 Renard et sa team doivent \u00eatre pr\u00e9par\u00e9s \u00e0 tous les sc\u00e9narios. Les deux derni\u00e8res d\u00e9faites subies tour \u00e0 tour de la part de la Gambie et de la Zambie ont d\u00fb certainement d\u00e9clencher de nouveaux r\u00e9ajustements.<\/span><\/p>\n<p class=\"p1\"><span class=\"s1\">Les Lions de l\u2019Atlas sont amen\u00e9s \u00e0 confirmer les r\u00e9sultats positifs obtenus lors de la derni\u00e8re Coupe du monde en Russie et chercher \u00e0 remporter le titre apr\u00e8s 43 ans d\u2019absence.<\/span><\/p>\n<p class=\"p1\"><span class=\"s1\">L\u2019\u00e9quipe marocaine qui a domin\u00e9 le groupe B avec 11 points, \u00e0 \u00e9galit\u00e9 avec le Cameroun, est consid\u00e9r\u00e9e comme l\u2019un des meilleurs pr\u00e9tendants \u00e0 ce titre continental, apr\u00e8s sa belle prestation lors de la Coupe du monde 2018. Le Maroc qui a disput\u00e9 17 fois les phases finales de la Coupe d\u2019Afrique des Nations, n\u2019a \u00e9t\u00e9 sacr\u00e9 qu\u2019une seule fois en 1976, a atteint la finale lors de l\u2019\u00e9dition 2004 et a termin\u00e9 troisi\u00e8me en 1980 et quatri\u00e8me en 1986 et 1988.<\/span><\/p>\n<div class=\"base-box mom_box_sc_custom mom_box_sc clear c7\" readability=\"20\">\n<p class=\"p1\"><span class=\"s1 c6\"><strong>La FRMF s\u2019engage \u00e0 garantir toutes les conditions pour remporter le titre<\/strong><\/span><\/p>\n<p class=\"p1\"><span class=\"s1\"><a href=\"http:\/\/aujourdhui.ma\/wp-content\/uploads\/2019\/06\/Lakjaa-can-2019.jpg?x29840\"><img loading=\"lazy\" decoding=\"async\" class=\"wp-image-313448 alignleft\" src=\"http:\/\/aujourdhui.ma\/wp-content\/uploads\/2019\/06\/Lakjaa-can-2019.jpg?x29840\" alt=\"\" width=\"438\" height=\"223\" srcset=\"http:\/\/aujourdhui.ma\/wp-content\/uploads\/2019\/06\/Lakjaa-can-2019.jpg 746w, http:\/\/aujourdhui.ma\/wp-content\/uploads\/2019\/06\/Lakjaa-can-2019-300x153.jpg 300w\" sizes=\"auto, (max-width: 438px) 100vw, 438px\"\/><\/a>La F\u00e9d\u00e9ration royale marocaine de football (FRMF) a fait part de son engagement \u00e0 garantir toutes les conditions \u00e0 la s\u00e9lection nationale pour remporter en Egypte la Coupe d\u2019Afrique des Nations (CAN).<\/span><\/p>\n<p class=\"p1\"><span class=\"s1\">Lors d\u2019une r\u00e9union mercredi au Caire avec la d\u00e9l\u00e9gation des Lions de l\u2019Atlas, le pr\u00e9sident de la FRMF, Fouzi Lekjaa, a r\u00e9affirm\u00e9 l\u2019appui ferme de la f\u00e9d\u00e9ration au Onze national pour r\u00e9aliser le r\u00eave de tous les Marocains et s\u2019adjuger le tire de cette comp\u00e9tition continentale. A cette occasion, M. Lekjaa a exhort\u00e9 les joueurs \u00e0 \u00eatre \u00e0 la hauteur des aspirations du peuple marocain qui soutient massivement les Lions de l\u2019Atllas. Les joueurs et le staff de l\u2019\u00e9quipe nationale ont tenu une rencontre avec les responsables de la Conf\u00e9d\u00e9ration africaine de football (CAF) \u00e0 la r\u00e9sidence des Lions de l\u2019Atlas au Caire dans le cadre des r\u00e9unions d\u2019accueil des s\u00e9lections nationales prenant part \u00e0 la CAN.<\/span><\/p>\n<\/div>\n<p>Auteur: ALM<br \/>\n<a href=\"http:\/\/aujourdhui.ma\/une\/maroc-namibie-le-match-a-ne-pas-rater\">Cliquez ici pour lire l&rsquo;article depuis sa source.<\/a><\/p>\n","protected":false},"excerpt":{"rendered":"<p>L\u2019\u00e9quipe nationale entame ce dimanche la comp\u00e9tition\u00a0au stade Al Salam au Caire Les deux derni\u00e8res\u00a0d\u00e9faites subies tour \u00e0 tour de la part de la Gambie\u00a0et de la Zambie ont\u00a0d\u00fb certainement d\u00e9clencher de nouveaux r\u00e9ajustements. Les choses s\u00e9rieuses commencent. Apr\u00e8s le stage de pr\u00e9paration ponctu\u00e9 par deux matchs amicaux peu concluants, la s\u00e9lection marocaine de football [&hellip;]<\/p>\n","protected":false},"author":1759,"featured_media":0,"comment_status":"closed","ping_status":"closed","sticky":false,"template":"","format":"standard","meta":{"fifu_image_url":"","fifu_image_alt":"","footnotes":""},"categories":[73,54],"tags":[],"class_list":["post-41999","post","type-post","status-publish","format-standard","hentry","category-actualite","category-maroc"],"_links":{"self":[{"href":"https:\/\/linitiative.ca\/International\/wp-json\/wp\/v2\/posts\/41999","targetHints":{"allow":["GET"]}}],"collection":[{"href":"https:\/\/linitiative.ca\/International\/wp-json\/wp\/v2\/posts"}],"about":[{"href":"https:\/\/linitiative.ca\/International\/wp-json\/wp\/v2\/types\/post"}],"author":[{"embeddable":true,"href":"https:\/\/linitiative.ca\/International\/wp-json\/wp\/v2\/users\/1759"}],"replies":[{"embeddable":true,"href":"https:\/\/linitiative.ca\/International\/wp-json\/wp\/v2\/comments?post=41999"}],"version-history":[{"count":0,"href":"https:\/\/linitiative.ca\/International\/wp-json\/wp\/v2\/posts\/41999\/revisions"}],"wp:attachment":[{"href":"https:\/\/linitiative.ca\/International\/wp-json\/wp\/v2\/media?parent=41999"}],"wp:term":[{"taxonomy":"category","embeddable":true,"href":"https:\/\/linitiative.ca\/International\/wp-json\/wp\/v2\/categories?post=41999"},{"taxonomy":"post_tag","embeddable":true,"href":"https:\/\/linitiative.ca\/International\/wp-json\/wp\/v2\/tags?post=41999"}],"curies":[{"name":"wp","href":"https:\/\/api.w.org\/{rel}","templated":true}]}}