{"id":42000,"date":"2019-06-22T04:04:15","date_gmt":"2019-06-22T08:04:15","guid":{"rendered":"https:\/\/linitiative.ca\/International\/made-in-europe-la-nouvelle-kia-ceed-debarque-au-maroc\/"},"modified":"2019-06-22T04:04:15","modified_gmt":"2019-06-22T08:04:15","slug":"made-in-europe-la-nouvelle-kia-ceed-debarque-au-maroc","status":"publish","type":"post","link":"https:\/\/linitiative.ca\/International\/made-in-europe-la-nouvelle-kia-ceed-debarque-au-maroc\/","title":{"rendered":"Made in Europe : La nouvelle Kia Ceed d\u00e9barque au Maroc"},"content":{"rendered":"<p><img decoding=\"async\" class=\"post_layout_5_img\" src=\"http:\/\/aujourdhui.ma\/wp-content\/uploads\/2019\/06\/Kia-Ceed.jpg?x29840\" alt=\"Made in Europe : La nouvelle Kia Ceed d\u00e9barque au Maroc\"\/><\/p>\n<p><span class=\"c5\"><span class=\"c4\"><strong>La nouvelle Kia Ceed fait son entr\u00e9e au Maroc. A sa troisi\u00e8me g\u00e9n\u00e9ration, cette voiture a \u00e9t\u00e9 pens\u00e9e et mise au point en Europe<\/strong><\/span>.<\/span><span id=\"more-313240\"\/>Kia Ceed renforce la pr\u00e9sence de la marque sur le segment C en se dotant de nouvelles technologies innovantes, d\u2019un nouveau design athl\u00e9tique et d\u2019une conduite gratifiante, estime le constructeur. Ainsi, le nouveau mill\u00e9sime adopte un nouveau patronyme, \u00e0 savoir Ceed au lieu de cee\u2019d. En termes de chiffres, plus de 640.000 exemplaires du mod\u00e8le de deuxi\u00e8me g\u00e9n\u00e9ration ont \u00e9t\u00e9 fabriqu\u00e9s de 2012 \u00e0 2018. \u00abLa nouvelle Ceed de troisi\u00e8me g\u00e9n\u00e9ration devrait repr\u00e9senter une proportion importante des ventes de Kia au Maroc.\u00c0 l\u2019instar de ses devanci\u00e8res, elle a \u00e9t\u00e9 con\u00e7ue, d\u00e9velopp\u00e9e et mise au point \u00e0 Francfort par les \u00e9quipes europ\u00e9ennes de design, de d\u00e9veloppement produit et de R&#038;D de Kia. Elle est produite dans l\u2019usine de la marque situ\u00e9e \u00e0 \u017dilina, en Slovaquie, aux c\u00f4t\u00e9s du Kia Sportage\u00bb, pr\u00e9cise le management de la marque. Car en effet depuis plus d\u2019une d\u00e9cennie, la Kia Ceed contribue activement \u00e0 la croissance de la marque en Europe. Son lancement en 2006 pour les clients europ\u00e9ens a constitu\u00e9 un tournant dans l\u2019histoire de la marque cor\u00e9enne. \u00abReposant sur ses bases solides, la nouvelle gamme Ceed affiche un design r\u00e9solument contemporain et imm\u00e9diatement reconnaissable, et propose des technologies avanc\u00e9es optimisant le confort, l\u2019agr\u00e9ment et la s\u00e9curit\u00e9\u00bb, indique le constructeur pr\u00e9cisant que ses nouvelles motorisations et suspensions rehaussent encore son agr\u00e9ment de conduite et contribuent \u00e0 offrir le haut niveau de qualit\u00e9 que les clients sont en droit d\u2019attendre de Kia. Pour la firme, ce nouveau v\u00e9hicule est l\u2019une des voitures les plus innovantes de sa cat\u00e9gorie.<strong>Les perspectives du segment C au Maroc<\/strong>La marque entend \u00e9largir le r\u00f4le de la Ceed sur le segment C au Maroc. Il a repr\u00e9sent\u00e9 6% de l\u2019ensemble des ventes de v\u00e9hicules au Maroc en 2017. Dans le m\u00eame sens, l\u2019actuelle Ceed a repr\u00e9sent\u00e9 7% du total des ventes marocaines de Kia en 2017. Dans ce sens, Kia pr\u00e9voit une part de march\u00e9 de 5% sur ce segment. Pour le constructeur automobile, la famille Ceed continuera de soutenir la croissance de la marque Kia dans les ann\u00e9es \u00e0 venir. \u00abLa Ceed occupe une position unique dans la gamme Kia ; elle est per\u00e7ue par les clients comme le mod\u00e8le le plus dynamique et sportif mais aussi comme l\u2019un des plus fiables, des plus pratiques et des plus reconnaissables. Forte d\u2019une gamme \u00e9largie, avec l\u2019arriv\u00e9e des versions GT-Line et Pro Ceed, la berline du segment C de Kia constitue v\u00e9ritablement le \u00abc\u0153ur\u00bb de notre marque\u00bb, ajoute le management de Kia. Globalement, plus de 1,3 million de Ceed ont \u00e9t\u00e9 produites depuis 2006 par l\u2019usine Kia situ\u00e9e \u00e0 \u017dilina, en Slovaquie.<strong>Sobri\u00e9t\u00e9 et puissance<\/strong>La marque propose de nouvelles motorisations sobres et puissantes 100% diesel. Ainsi, la nouvelle Ceed est \u00e9quip\u00e9e du nouveau moteur CRDi turbo-diesel \u2018U3\u2019 de Kia. Tout en r\u00e9pondant aux exigences de la derni\u00e8re norme antipollution Euro 6d TEMP, le nouveau bloc \u2018U3\u2019 CRDi 1,6 l utilise la technologie antipollution de r\u00e9duction catalytique s\u00e9lective (SCR) pour r\u00e9duire les \u00e9missions polluantes.\u00abCe nouveau moteur produit donc moins de dioxyde de carbone, de particules et de NOx par rapport aux anciens moteurs diesel Kia. Disponible en deux niveaux de puissance (115 ch et 136 ch), le nouveau bloc diesel 1,6 l d\u00e9veloppe un couple de 280 Nm\u00bb, indique la marque. De plus, la nouvelle KIA Ceed se d\u00e9cline en cinq finitions. Outre la version de base Motion qui d\u00e9marre \u00e0 205.000 DH \u00e0 partir du mois de juillet, deux versions Active et Active BVA (\u00e0 partir de 230.000 DH) s\u2019ajoutent \u00e0 l\u2019offre. Deux versions GT Line en BVA et BVM sont \u00e9galement disponibles (\u00e0 partir de 265.000 DH) confirmant l\u2019\u00e9l\u00e9gance du mod\u00e8le avec plus de dynamisme et plus de sportivit\u00e9.<strong>La technologie \u00e0 port\u00e9e de main<\/strong>Le v\u00e9hicule dispose d\u2019un syst\u00e8me d\u2019info-divertissement \u00abflottant\u00bb et se d\u00e9cline en deux versions selon les finitions : un syst\u00e8me audio \u00e0 \u00e9cran tactile de 7 pouces et 8 pouces. La marque pr\u00e9cise que les deux syst\u00e8mes sont disponibles avec les fonctions Apple CarPlay\u2122 et Android Auto\u2122 pour une parfaite int\u00e9gration des smartphones. Ainsi, Android Auto\u2122 est con\u00e7u pour fonctionner avec les t\u00e9l\u00e9phones Android 5.0 (Lollipop) ou ult\u00e9rieurs. Quant au syst\u00e8me Apple CarPlay\u2122 de la Ceed, il est compatible avec l\u2019iPhone 5 et tous les autres mod\u00e8les d\u2019iPhone sortis ult\u00e9rieurement. La marque propose un nouveau syst\u00e8me audio premium JBL avec technologie de restauration Clari-Fi (sur Edition #1) \u00e0 ses clients. Parmi les \u00e9quipements de s\u00e9rie figurent le syst\u00e8me d\u2019int\u00e9gration des smartphones Bluetooth et l\u2019allumage automatique des feux.<\/p>\n<p>Auteur: ALM<br \/>\n<a href=\"http:\/\/aujourdhui.ma\/automobile\/made-in-europe-la-nouvelle-kia-ceed-debarque-au-maroc\">Cliquez ici pour lire l&rsquo;article depuis sa source.<\/a><\/p>\n","protected":false},"excerpt":{"rendered":"<p>La nouvelle Kia Ceed fait son entr\u00e9e au Maroc. A sa troisi\u00e8me g\u00e9n\u00e9ration, cette voiture a \u00e9t\u00e9 pens\u00e9e et mise au point en Europe.Kia Ceed renforce la pr\u00e9sence de la marque sur le segment C en se dotant de nouvelles technologies innovantes, d\u2019un nouveau design athl\u00e9tique et d\u2019une conduite gratifiante, estime le constructeur. Ainsi, le [&hellip;]<\/p>\n","protected":false},"author":1759,"featured_media":0,"comment_status":"closed","ping_status":"closed","sticky":false,"template":"","format":"standard","meta":{"fifu_image_url":"","fifu_image_alt":"","footnotes":""},"categories":[73,54],"tags":[],"class_list":["post-42000","post","type-post","status-publish","format-standard","hentry","category-actualite","category-maroc"],"_links":{"self":[{"href":"https:\/\/linitiative.ca\/International\/wp-json\/wp\/v2\/posts\/42000","targetHints":{"allow":["GET"]}}],"collection":[{"href":"https:\/\/linitiative.ca\/International\/wp-json\/wp\/v2\/posts"}],"about":[{"href":"https:\/\/linitiative.ca\/International\/wp-json\/wp\/v2\/types\/post"}],"author":[{"embeddable":true,"href":"https:\/\/linitiative.ca\/International\/wp-json\/wp\/v2\/users\/1759"}],"replies":[{"embeddable":true,"href":"https:\/\/linitiative.ca\/International\/wp-json\/wp\/v2\/comments?post=42000"}],"version-history":[{"count":0,"href":"https:\/\/linitiative.ca\/International\/wp-json\/wp\/v2\/posts\/42000\/revisions"}],"wp:attachment":[{"href":"https:\/\/linitiative.ca\/International\/wp-json\/wp\/v2\/media?parent=42000"}],"wp:term":[{"taxonomy":"category","embeddable":true,"href":"https:\/\/linitiative.ca\/International\/wp-json\/wp\/v2\/categories?post=42000"},{"taxonomy":"post_tag","embeddable":true,"href":"https:\/\/linitiative.ca\/International\/wp-json\/wp\/v2\/tags?post=42000"}],"curies":[{"name":"wp","href":"https:\/\/api.w.org\/{rel}","templated":true}]}}