{"id":42003,"date":"2019-06-22T04:08:11","date_gmt":"2019-06-22T08:08:11","guid":{"rendered":"https:\/\/linitiative.ca\/International\/couverture-medicale-36-recommandations-pour-la-strategie-du-financement-de-la-sante\/"},"modified":"2019-06-22T04:08:11","modified_gmt":"2019-06-22T08:08:11","slug":"couverture-medicale-36-recommandations-pour-la-strategie-du-financement-de-la-sante","status":"publish","type":"post","link":"https:\/\/linitiative.ca\/International\/couverture-medicale-36-recommandations-pour-la-strategie-du-financement-de-la-sante\/","title":{"rendered":"Couverture m\u00e9dicale : 36 recommandations pour la strat\u00e9gie  du financement de la sant\u00e9"},"content":{"rendered":"<p><img decoding=\"async\" class=\"post_layout_5_img\" src=\"http:\/\/aujourdhui.ma\/wp-content\/uploads\/2017\/10\/CNSS-Siege-1.jpg?x29840\" alt=\"Couverture m\u00e9dicale : 36 recommandations pour la strat\u00e9gie du financement de la sant\u00e9\"\/><\/p>\n<p class=\"p1\"><span class=\"s1\"><span class=\"c4\"><strong>La conf\u00e9rence nationale sur le financement de la sant\u00e9 a clos mercredi ses travaux. Au total, 36<span class=\"Apple-converted-space\">\u00a0<\/span> recommandations ont \u00e9t\u00e9 retenues et constitueront la feuille de route pour l\u2019\u00e9laboration de<span class=\"Apple-converted-space\">\u00a0<\/span> la strat\u00e9gie nationale du financement de la sant\u00e9.<span class=\"Apple-converted-space\">\u00a0<\/span><\/strong><\/span><\/span><span id=\"more-313430\"\/><\/p>\n<p class=\"p1\"><span class=\"s1\">Ainsi, le parach\u00e8vement de la couverture sanitaire universelle (CSU) au Maroc passe indubitablement par la mise en place de cette nouvelle strat\u00e9gie. Les principales recommandations des travaux de cette conf\u00e9rence ont tout d\u2019abord port\u00e9 sur la n\u00e9cessit\u00e9 d\u2019investir davantage dans la sant\u00e9 en tant que secteur productif et \u00e9conomique pour les g\u00e9n\u00e9rations futures et non pas uniquement en tant que secteur social.<\/span><\/p>\n<p class=\"p1\"><span class=\"s1\">Il a aussi \u00e9t\u00e9 jug\u00e9 primordial d\u2019\u0153uvrer progressivement \u00e0 l\u2019unification des r\u00e9gimes obligatoires d\u2019assurance-maladie de base avec pour objectif la mise en place d\u2019un r\u00e9gime national universel de base. Il s\u2019agit \u00e9galement d\u2019int\u00e9grer le dispositif public et l\u2019offre priv\u00e9e dans le cadre de v\u00e9ritables cartes sanitaires r\u00e9gionales tout en veillant \u00e0 investir dans les soins de sant\u00e9 primaires. Les h\u00f4pitaux devront \u00eatre dot\u00e9s d\u2019une r\u00e9elle autonomie de gestion en tenant compte de la dimension territoriale. Il est aussi question de r\u00e9aliser des gains d\u2019efficience en renfor\u00e7ant le contr\u00f4le des co\u00fbts des m\u00e9dicaments et en am\u00e9liorant le rendement du corps m\u00e9dical.<\/span><\/p>\n<p class=\"p1\"><span class=\"s1\">Il a \u00e9t\u00e9 jug\u00e9 primordial de s\u00e9parer les fonctions de gestion financi\u00e8re et de prestation des soins afin d\u2019optimiser les ressources et renforcer la sp\u00e9cialisation des acteurs.<span class=\"Apple-converted-space\">\u00a0<\/span> En outre, il a \u00e9t\u00e9 recommand\u00e9 de garantir la viabilit\u00e9 financi\u00e8re du r\u00e9gime AMO et Ramed par le biais de la p\u00e9rennit\u00e9 du financement \u00e0 travers la canalisation de financements innovants (par exemple fiscalit\u00e9 sur les produits nuisibles \u00e0 la sant\u00e9) vers le Ramed, sans omettre l\u2019\u00e9quilibre financier des organismes gestionnaires. L\u2019accent a \u00e9t\u00e9 mis sur l\u2019acc\u00e9l\u00e9ration de l\u2019extension de la couverture m\u00e9dicale \u00e0 d\u2019autres cat\u00e9gories, notamment les travailleurs non-salari\u00e9s.<\/span><\/p>\n<p class=\"p1\"><span class=\"s1\">Par ailleurs, il y a lieu de relever qu\u2019il faudra renforcer les recettes \u00e0 affecter au secteur de la sant\u00e9, en capitalisant sur les conclusions des recommandations des 3\u00e8me Assises sur la fiscalit\u00e9, \u00e0 savoir \u00e9largir l\u2019assiette de la TVA et d\u00e9dier le surplus g\u00e9n\u00e9r\u00e9 aux secteurs sociaux. Il a \u00e9t\u00e9 recommand\u00e9 d\u2019augmenter la part du budget du minist\u00e8re de la sant\u00e9 dans le budget de l\u2019Etat dans le but de se rapprocher des standards internationaux.<\/span><\/p>\n<p class=\"p1\"><span class=\"s1\">On notera aussi la n\u00e9cessit\u00e9 de poursuivre l\u2019effort d\u2019exon\u00e9ration de la TVA sur les m\u00e9dicaments (36% de la d\u00e9pense des m\u00e9nages en sant\u00e9) afin de r\u00e9duire la charge de soins sur les citoyens. Le positionnement actuel de l\u2019Agence nationale de l\u2019assurance-maladie (ANAM) devra \u00eatre revu et il faudra par la m\u00eame faire \u00e9voluer les textes juridiques au niveau de ses missions et de sa gouvernance pour la rendre une v\u00e9ritable autorit\u00e9 de r\u00e9gulation de toute la couverture m\u00e9dicale de base. Il faudra aussi opter pour un mod\u00e8le d\u2019achat des services m\u00e9dicaux centr\u00e9 sur la ma\u00eetrise des co\u00fbts et le suivi des prestations, en vue de converger vers l\u2019achats strat\u00e9gique. Une charte nationale de la sant\u00e9 devra \u00eatre \u00e9tablie en tant que r\u00e9f\u00e9rence pour l\u2019ensemble des parties prenantes. Pour rappel, les deux journ\u00e9es de cette conf\u00e9rence nationale se sont d\u00e9roul\u00e9es sous forme de deux s\u00e9ances pl\u00e9ni\u00e8res consacr\u00e9es \u00e0 la pr\u00e9sentation du syst\u00e8me de sant\u00e9 marocain et un benchmark international, notamment l\u2019exp\u00e9rience de la France, du S\u00e9n\u00e9gal, de la Turquie et autres\u2026; ainsi que la gouvernance des fonctions du financement de la sant\u00e9. En outre, six ateliers th\u00e9matiques traitant les fonctions essentielles du financement de la sant\u00e9 ont \u00e9t\u00e9 organis\u00e9s.<\/span><\/p>\n<p>Auteur: ALM<br \/>\n<a href=\"http:\/\/aujourdhui.ma\/societe\/couverture-medicale-36-recommandations-pour-la-strategie-du-financement-de-la-sante\">Cliquez ici pour lire l&rsquo;article depuis sa source.<\/a><\/p>\n","protected":false},"excerpt":{"rendered":"<p>La conf\u00e9rence nationale sur le financement de la sant\u00e9 a clos mercredi ses travaux. Au total, 36\u00a0 recommandations ont \u00e9t\u00e9 retenues et constitueront la feuille de route pour l\u2019\u00e9laboration de\u00a0 la strat\u00e9gie nationale du financement de la sant\u00e9.\u00a0 Ainsi, le parach\u00e8vement de la couverture sanitaire universelle (CSU) au Maroc passe indubitablement par la mise en [&hellip;]<\/p>\n","protected":false},"author":1759,"featured_media":0,"comment_status":"closed","ping_status":"closed","sticky":false,"template":"","format":"standard","meta":{"fifu_image_url":"","fifu_image_alt":"","footnotes":""},"categories":[73,54],"tags":[],"class_list":["post-42003","post","type-post","status-publish","format-standard","hentry","category-actualite","category-maroc"],"_links":{"self":[{"href":"https:\/\/linitiative.ca\/International\/wp-json\/wp\/v2\/posts\/42003","targetHints":{"allow":["GET"]}}],"collection":[{"href":"https:\/\/linitiative.ca\/International\/wp-json\/wp\/v2\/posts"}],"about":[{"href":"https:\/\/linitiative.ca\/International\/wp-json\/wp\/v2\/types\/post"}],"author":[{"embeddable":true,"href":"https:\/\/linitiative.ca\/International\/wp-json\/wp\/v2\/users\/1759"}],"replies":[{"embeddable":true,"href":"https:\/\/linitiative.ca\/International\/wp-json\/wp\/v2\/comments?post=42003"}],"version-history":[{"count":0,"href":"https:\/\/linitiative.ca\/International\/wp-json\/wp\/v2\/posts\/42003\/revisions"}],"wp:attachment":[{"href":"https:\/\/linitiative.ca\/International\/wp-json\/wp\/v2\/media?parent=42003"}],"wp:term":[{"taxonomy":"category","embeddable":true,"href":"https:\/\/linitiative.ca\/International\/wp-json\/wp\/v2\/categories?post=42003"},{"taxonomy":"post_tag","embeddable":true,"href":"https:\/\/linitiative.ca\/International\/wp-json\/wp\/v2\/tags?post=42003"}],"curies":[{"name":"wp","href":"https:\/\/api.w.org\/{rel}","templated":true}]}}