{"id":42004,"date":"2019-06-22T04:10:00","date_gmt":"2019-06-22T08:10:00","guid":{"rendered":"https:\/\/linitiative.ca\/International\/men-in-black-sortez-vos-lunettes-noires\/"},"modified":"2019-06-22T04:10:00","modified_gmt":"2019-06-22T08:10:00","slug":"men-in-black-sortez-vos-lunettes-noires","status":"publish","type":"post","link":"https:\/\/linitiative.ca\/International\/men-in-black-sortez-vos-lunettes-noires\/","title":{"rendered":"Men in black : Sortez vos lunettes noires !"},"content":{"rendered":"<p><img decoding=\"async\" class=\"post_layout_5_img\" src=\"http:\/\/aujourdhui.ma\/wp-content\/uploads\/2019\/06\/Men-in-black-2019.jpg?x29840\" alt=\"Men in black : Sortez vos lunettes noires !\"\/><\/p>\n<p class=\"p1\"><span class=\"s1\"><span class=\"c4\"><strong>Sept ans. Apr\u00e8s sept ans d\u2019absence, les Men in black sont enfin de retour. Apr\u00e8s l\u2019excellent Men in Black 3 de Barry Sonnenfeld, les attentes \u00e9taient fortes.<\/strong><\/span><\/span><span id=\"more-313427\"\/><\/p>\n<p class=\"p1\"><span class=\"s1\">Ce nouvel \u00e9pisode r\u00e9alis\u00e9 par F. Gary Gray s\u2019intitule : Men in black international. La premi\u00e8re sc\u00e8ne s\u2019ouvre d\u2019ailleurs sur la Tour Eiffel, symbole atemporel de Paris, de la France et de l\u2019Exposition universelle de 1889, (\u00e9voqu\u00e9e via Gustave Eiffel, qui aurait \u00e9t\u00e9 un agent MIB !) Londres, New York, Naples et Marrakech seront aussi au centre de l\u2019intrigue.<\/span><\/p>\n<p class=\"p3\"><span class=\"s1\"><strong>L\u2019humour comme marque\u00a0<\/strong><\/span><span class=\"s1\"><strong>de fabrique<\/strong><\/span><\/p>\n<p class=\"p1\"><span class=\"s1\">Outre les voyages hypersoniques entre ces villes monde, le film est marqu\u00e9 par l\u2019arriv\u00e9e d\u2019un nouveau duo. Difficile de remplacer d\u2019immenses stars comme Tommy Lee Jones (agent K) et Will Smith (agent J) mais l\u2019Australien Chris Hemsworth (agent H) et l\u2019Am\u00e9ricaine Tessa Thompson (agent M) s\u2019en sortent \u00e0 merveille. Apr\u00e8s avoir jou\u00e9 ensemble dans le dernier Avenger et dans le troisi\u00e8me Thor, les deux acteurs apparaissent complices \u00e0 l\u2019\u00e9cran. Mieux, ils arrivent \u00e0 imposer un bel humour, parfois noir, qui permettra \u00e0 chacun de rire, y compris dans les sc\u00e8nes les plus tendues. Cet humour-l\u00e0 est bien une marque de fabrique des Men in black.<\/span><\/p>\n<p class=\"p4\"><span class=\"s1\"><strong>Molly devient M<\/strong><\/span><\/p>\n<p class=\"p1\"><span class=\"s1\">Le d\u00e9but du film pr\u00e9sente l\u2019enfance de Molly qui croise des agents des Men in black et m\u00eame un extraterrestre, digne d\u2019une peluche de Disney, qu\u2019elle prot\u00e8ge avec la spontan\u00e9it\u00e9 g\u00e9n\u00e9reuse d\u2019une fillette. Depuis lors, Molly veut comprendre l\u2019univers et rejoindre les Men in black par tous les moyens. Cette obsession devient alors un moteur incroyable pour r\u00e9ussir ses \u00e9tudes. Apr\u00e8s avoir \u00e9chou\u00e9 \u00e0 trouver les fameux agents aux costumes noirs par l\u2019interm\u00e9diaire du FBI et de la CIA, Molly se tourne vers l\u2019observation du ciel, en piratant le t\u00e9lescope Hubble, d\u00e9velopp\u00e9 par la Nasa. L\u2019entretien atypique avec l\u2019agent O (Emma Thompson, n\u2019ayant pas de lien de parent\u00e9 avec Tessa), par sa monomanie pour la mode, pourra faire penser \u00e0 une sc\u00e8ne du Diable s\u2019habille en Prada. Molly finit par devenir l\u2019agent M et se retrouve en bin\u00f4me improvis\u00e9 avec l\u2019agent H.<\/span><\/p>\n<p><a href=\"http:\/\/aujourdhui.ma\/wp-content\/uploads\/2019\/06\/Men-in-Black-2019-.jpg?x29840\"><img loading=\"lazy\" decoding=\"async\" class=\"size-full wp-image-313433 aligncenter\" src=\"http:\/\/aujourdhui.ma\/wp-content\/uploads\/2019\/06\/Men-in-Black-2019-.jpg?x29840\" alt=\"\" width=\"500\" height=\"678\" srcset=\"http:\/\/aujourdhui.ma\/wp-content\/uploads\/2019\/06\/Men-in-Black-2019-.jpg 500w, http:\/\/aujourdhui.ma\/wp-content\/uploads\/2019\/06\/Men-in-Black-2019--221x300.jpg 221w\" sizes=\"auto, (max-width: 500px) 100vw, 500px\"\/><\/a><\/p>\n<p class=\"p4\"><span class=\"s1\"><strong>H comme habile<\/strong><\/span><\/p>\n<p class=\"p1\"><span class=\"s1\">Cynique, s\u00e9ducteur, festif, roublard et parfois arrogant, cet agent H pourra s\u00e9duire ou \u00e9nerver, sans jamais laisser indiff\u00e9rent. Son chef, l\u2019agent \u00abgrandT\u00bb (Liam Neeson) rep\u00e8re un potentiel en lui et l\u2019enverra aussi bien accueillir un haut dignitaire intergalactique que combattre les extraterrestres monstrueux de \u00ab la Ruche \u00bb qui veulent d\u00e9truire la Terre. Tr\u00e8s vite, H et M comprennent que l\u2019ennemi le plus puissant est bien une taupe qui essaie de d\u00e9truire l\u2019agence de l\u2019int\u00e9rieur.<\/span><\/p>\n<p class=\"p4\"><span class=\"s1\"><strong>Un pion dans une boutique\u00a0<\/strong><\/span><span class=\"s1\"><strong>de curiosit\u00e9s de Marrakech<\/strong><\/span><\/p>\n<p class=\"p1\"><span class=\"s1\">Si le sc\u00e9nario est un peu l\u00e9ger, le casting est \u00e0 la hauteur de la r\u00e9putation des Men in black et les effets sp\u00e9ciaux sont tr\u00e8s r\u00e9ussis. Une mention sp\u00e9ciale pour \u00ab pionny \u00bb, le petit pion qui avec bravoure et humour prot\u00e8ge ses reines, \u00e0 son \u00e9chelle.<\/span><\/p>\n<p class=\"p1\"><span class=\"s1\">Une fois n\u2019est pas coutume, dans cet opus, les m\u00e9chants extraterrestres valent aussi le d\u00e9tour. Ainsi, les jumeaux malfaisants qui soul\u00e8vent la m\u00e9dina de Marrakech avec de puissants pouvoirs mal\u00e9fiques sont aussi capables d\u2019affronter une foule de danseurs du samedi soir en encha\u00eenant des figures d\u00e9jant\u00e9es du hip-hop, du popping au breaking. Enfin, la moto supersonique fait son petit effet en survolant les souks puis le fameux palais El Badii avant d\u2019\u00e9chouer, pour un temps, dans le d\u00e9sert du Sahara. La sc\u00e8ne finale se d\u00e9roulera dans et devant la Tour Eiffel, ainsi la boucle est boucl\u00e9e\u2026 jusqu\u2019aux prochaines aventures.<\/span><\/p>\n<p class=\"p1\"><span class=\"c5\"><strong>Par S\u00e9bastien Chabaud<\/strong><\/span><\/p>\n<p>Auteur: ALM<br \/>\n<a href=\"http:\/\/aujourdhui.ma\/culture\/cinema\/men-in-black-sortez-vos-lunettes-noires\">Cliquez ici pour lire l&rsquo;article depuis sa source.<\/a><\/p>\n","protected":false},"excerpt":{"rendered":"<p>Sept ans. Apr\u00e8s sept ans d\u2019absence, les Men in black sont enfin de retour. Apr\u00e8s l\u2019excellent Men in Black 3 de Barry Sonnenfeld, les attentes \u00e9taient fortes. Ce nouvel \u00e9pisode r\u00e9alis\u00e9 par F. Gary Gray s\u2019intitule : Men in black international. La premi\u00e8re sc\u00e8ne s\u2019ouvre d\u2019ailleurs sur la Tour Eiffel, symbole atemporel de Paris, de [&hellip;]<\/p>\n","protected":false},"author":1759,"featured_media":0,"comment_status":"closed","ping_status":"closed","sticky":false,"template":"","format":"standard","meta":{"fifu_image_url":"","fifu_image_alt":"","footnotes":""},"categories":[73,54],"tags":[],"class_list":["post-42004","post","type-post","status-publish","format-standard","hentry","category-actualite","category-maroc"],"_links":{"self":[{"href":"https:\/\/linitiative.ca\/International\/wp-json\/wp\/v2\/posts\/42004","targetHints":{"allow":["GET"]}}],"collection":[{"href":"https:\/\/linitiative.ca\/International\/wp-json\/wp\/v2\/posts"}],"about":[{"href":"https:\/\/linitiative.ca\/International\/wp-json\/wp\/v2\/types\/post"}],"author":[{"embeddable":true,"href":"https:\/\/linitiative.ca\/International\/wp-json\/wp\/v2\/users\/1759"}],"replies":[{"embeddable":true,"href":"https:\/\/linitiative.ca\/International\/wp-json\/wp\/v2\/comments?post=42004"}],"version-history":[{"count":0,"href":"https:\/\/linitiative.ca\/International\/wp-json\/wp\/v2\/posts\/42004\/revisions"}],"wp:attachment":[{"href":"https:\/\/linitiative.ca\/International\/wp-json\/wp\/v2\/media?parent=42004"}],"wp:term":[{"taxonomy":"category","embeddable":true,"href":"https:\/\/linitiative.ca\/International\/wp-json\/wp\/v2\/categories?post=42004"},{"taxonomy":"post_tag","embeddable":true,"href":"https:\/\/linitiative.ca\/International\/wp-json\/wp\/v2\/tags?post=42004"}],"curies":[{"name":"wp","href":"https:\/\/api.w.org\/{rel}","templated":true}]}}