{"id":42005,"date":"2019-06-22T06:00:00","date_gmt":"2019-06-22T10:00:00","guid":{"rendered":"https:\/\/linitiative.ca\/International\/salim-labatcha-nouveau-sg-de-lugta\/"},"modified":"2019-06-22T06:00:00","modified_gmt":"2019-06-22T10:00:00","slug":"salim-labatcha-nouveau-sg-de-lugta","status":"publish","type":"post","link":"https:\/\/linitiative.ca\/International\/salim-labatcha-nouveau-sg-de-lugta\/","title":{"rendered":"Salim Labatcha, nouveau SG de l\u2019UGTA"},"content":{"rendered":"<div id=\"originalText\" readability=\"40\">\n<p class=\"c10\">Les congressistes de l\u2019Union g\u00e9n\u00e9rale des travailleurs alg\u00e9riens (UGTA) ont \u00e9lu hier en fin de journ\u00e9e Salim Labatcha secr\u00e9taire g\u00e9n\u00e9ral de la Centrale syndicale en remplacement d\u2019Abdelmadjid Sidi-Sa\u00efd qui a d\u00e9cid\u00e9 de ne pas postuler \u00e0 un autre mandat.Tr\u00e8s contest\u00e9 au sein de l\u2019organisation syndicale, devenue un appendice du pouvoir politique, Sidi-Sa\u00efd avait annonc\u00e9 son retrait de la course, juste avant ce 13e congr\u00e8s de l\u2019UGTA, dont la date de la tenue avait \u00e9t\u00e9 avanc\u00e9e de plusieurs mois. Salim Labatcha a \u00e9t\u00e9 \u00e9lu d\u00e9put\u00e9 de la circonscription d\u2019Alger sous la banni\u00e8re du Parti des travailleurs (PT), d\u2019o\u00f9 il a \u00e9t\u00e9 exclu par la suite.\u00a0<br \/>\u00a0<\/p>\n<p class=\"c11\"><strong>R. N.<\/strong><\/p>\n<\/div>\n<div id=\"text_core\" readability=\"40\">\n<p class=\"c10\">Les congressistes de l\u2019Union g\u00e9n\u00e9rale des travailleurs alg\u00e9riens (UGTA) ont \u00e9lu hier en fin de journ\u00e9e Salim Labatcha secr\u00e9taire g\u00e9n\u00e9ral de la Centrale syndicale en remplacement d\u2019Abdelmadjid Sidi-Sa\u00efd qui a d\u00e9cid\u00e9 de ne pas postuler \u00e0 un autre mandat.Tr\u00e8s contest\u00e9 au sein de l\u2019organisation syndicale, devenue un appendice du pouvoir politique, Sidi-Sa\u00efd avait annonc\u00e9 son retrait de la course, juste avant ce 13e congr\u00e8s de l\u2019UGTA, dont la date de la tenue avait \u00e9t\u00e9 avanc\u00e9e de plusieurs mois. Salim Labatcha a \u00e9t\u00e9 \u00e9lu d\u00e9put\u00e9 de la circonscription d\u2019Alger sous la banni\u00e8re du Parti des travailleurs (PT), d\u2019o\u00f9 il a \u00e9t\u00e9 exclu par la suite.\u00a0<br \/>\u00a0<\/p>\n<p class=\"c11\"><strong>R. N.<\/strong><\/p>\n<\/div>\n<p>Auteur:<br \/>\n<a href=\"https:\/\/www.liberte-algerie.com\/actualite\/salim-labatcha-nouveau-sg-de-lugta-318297\">Cliquez ici pour lire l&rsquo;article depuis sa source.<\/a><\/p>\n","protected":false},"excerpt":{"rendered":"<p>Les congressistes de l\u2019Union g\u00e9n\u00e9rale des travailleurs alg\u00e9riens (UGTA) ont \u00e9lu hier en fin de journ\u00e9e Salim Labatcha secr\u00e9taire g\u00e9n\u00e9ral de la Centrale syndicale en remplacement d\u2019Abdelmadjid Sidi-Sa\u00efd qui a d\u00e9cid\u00e9 de ne pas postuler \u00e0 un autre mandat.Tr\u00e8s contest\u00e9 au sein de l\u2019organisation syndicale, devenue un appendice du pouvoir politique, Sidi-Sa\u00efd avait annonc\u00e9 son [&hellip;]<\/p>\n","protected":false},"author":1742,"featured_media":0,"comment_status":"closed","ping_status":"closed","sticky":false,"template":"","format":"standard","meta":{"fifu_image_url":"","fifu_image_alt":"","footnotes":""},"categories":[73,53],"tags":[],"class_list":["post-42005","post","type-post","status-publish","format-standard","hentry","category-actualite","category-algerie"],"_links":{"self":[{"href":"https:\/\/linitiative.ca\/International\/wp-json\/wp\/v2\/posts\/42005","targetHints":{"allow":["GET"]}}],"collection":[{"href":"https:\/\/linitiative.ca\/International\/wp-json\/wp\/v2\/posts"}],"about":[{"href":"https:\/\/linitiative.ca\/International\/wp-json\/wp\/v2\/types\/post"}],"author":[{"embeddable":true,"href":"https:\/\/linitiative.ca\/International\/wp-json\/wp\/v2\/users\/1742"}],"replies":[{"embeddable":true,"href":"https:\/\/linitiative.ca\/International\/wp-json\/wp\/v2\/comments?post=42005"}],"version-history":[{"count":0,"href":"https:\/\/linitiative.ca\/International\/wp-json\/wp\/v2\/posts\/42005\/revisions"}],"wp:attachment":[{"href":"https:\/\/linitiative.ca\/International\/wp-json\/wp\/v2\/media?parent=42005"}],"wp:term":[{"taxonomy":"category","embeddable":true,"href":"https:\/\/linitiative.ca\/International\/wp-json\/wp\/v2\/categories?post=42005"},{"taxonomy":"post_tag","embeddable":true,"href":"https:\/\/linitiative.ca\/International\/wp-json\/wp\/v2\/tags?post=42005"}],"curies":[{"name":"wp","href":"https:\/\/api.w.org\/{rel}","templated":true}]}}