{"id":42016,"date":"2019-06-22T09:44:02","date_gmt":"2019-06-22T13:44:02","guid":{"rendered":"https:\/\/linitiative.ca\/International\/bekkas-et-hakmoun-mettent-en-valeur-lart-ancestral\/"},"modified":"2019-06-22T09:44:02","modified_gmt":"2019-06-22T13:44:02","slug":"bekkas-et-hakmoun-mettent-en-valeur-lart-ancestral","status":"publish","type":"post","link":"https:\/\/linitiative.ca\/International\/bekkas-et-hakmoun-mettent-en-valeur-lart-ancestral\/","title":{"rendered":"Bekkas et Hakmoun mettent en valeur l\u2019art ancestral"},"content":{"rendered":"<div readability=\"40\">\n<p>Essaouira \u2013 A l\u2019occasion de la deuxi\u00e8me journ\u00e9e de la 22\u00e8me \u00e9dition du Festival Gnaoua et musiques du monde d\u2019Essaouira, les deux M\u00e2alem, Majid Bekkas et Hassan Hakmoun, ont livr\u00e9, vendredi soir, de belles prestations qui ont permis aux aficionados gnaouis de d\u00e9couvrir une dimension toute singuli\u00e8re d\u2019un art ancestral m\u00ealant fusion et \u00e9nergie contemporaine.<\/p>\n<\/div>\n<div readability=\"107\">\n<p>Sur la place Moulay El Hassan \u00e0 la Ville des Aliz\u00e9s, le talentueux multi-instrumentiste, Majid Bekkas a offert un concert de haute facture en pr\u00e9sentant le projet \u00ab\u00a0Afro Gnaoua Jazz Ensemble\u00a0\u00bb qui se veut le couronnement d\u2019une longue collaboration musicale et humaine avec notamment l\u2019ambassadeur du balafon africain, le Malien Aly Keita.<\/p>\n<p>Devant un public conquis et passionn\u00e9, le M\u00e2alem Bekkas, qui s\u2019attache aux valeurs intrins\u00e8ques de la tradition gnaouie tout en \u00ab\u00a0embrassant\u00a0\u00bb la beaut\u00e9 des autres cultures musicales, a \u00e9t\u00e9 rejoint par le bassiste Childo Thomas du Mozambique, le pianiste cubain Omar Sosa, le saxophoniste et fl\u00fbtiste belge Manuel Hermia et le percussionniste marocain Amine El Bliha.<\/p>\n<p>Dans cette \u00ab\u00a0combinaison\u00a0\u00bb artistique qui renseigne sur la dimension \u00e9minemment mondiale de l\u2019art gnaoui, Majid Bekkas a ravi l\u2019assistance avec une s\u00e9rie de classiques de Gnaoua, comme El Baniya ou Ya Rasoul Allah et des morceaux du blues afro-am\u00e9ricain.<\/p>\n<p>Avant de quitter la sc\u00e8ne, le M\u00e2alem Bekkas a choisi de jouer un morceau de Gnawa alg\u00e9rien, originaire de Biskra, o\u00f9 cet art est appel\u00e9 Diwan.<\/p>\n<p>La derni\u00e8re partie de cette soir\u00e9e a \u00e9t\u00e9 toute aussi prometteuse que la premi\u00e8re. Le M\u00e2alem Hassan Hakmoun, install\u00e9 dans le fameux quartier new-yorkais de Brooklyn, est mont\u00e9 sur sc\u00e8ne en compagnie de musiciens et danseurs de renom pour pr\u00e9senter le projet The Universal Force qui fait appel \u00e0 l\u2019\u00e9nergie contemporaine de New York et aux rythmes ancestraux de la tagnaouite.<\/p>\n<p>Accompagn\u00e9 par Justin Purtill \u00e0 la guitare, Leonardo Genovese aux claviers, Mathew Kilmer aux percussions, Dean Johnson \u00e0 la batterie, Brahim Fribgane au Oud et Chikako Iwahori aux chants, percussion, claquettes et danse, Hassan Hakmoun a livr\u00e9 le meilleur de son exp\u00e9rience musicale en tant que gnaoui et en tant que musicien.<\/p>\n<p>Muni de son Guembri, ce natif de Marrakech a dirig\u00e9 un v\u00e9ritable orchestre comprenant des danseurs et percussionnistes gnaouis mais aussi des musiciens issus d\u2019autres cultures. Le M\u00e2alem Hakoum a fait de l\u2019art de la fusion sa sp\u00e9cialit\u00e9. Associant des instruments modernes aux crotales traditionnelles, il a revisit\u00e9, lors de ce concert, un bouquet de chansons gnaouies des plus classiques.<\/p>\n<p>Figure embl\u00e9matique de la tagnaouite moderne, Hakmoun collabore avec des musiciens comme David Sanborn, Peter Gabriel et The Kronos Quartet. Il compte \u00e0 son actif un album sorti en 2002 intitul\u00e9 \u00ab\u00a0The Gift\u00a0\u00bb. Dans cet album, fruit d\u2019une collaboration avec le producteur Fabian Alsultany, l\u2019artiste marie avec brio la musique gnaoua et la musique traditionnelle arabe.<\/p>\n<p>Cr\u00e9\u00e9 en 1998, le Festival Gnaoua et musiques du monde d\u2019Essaouira (20-23 juin), qui attire environ 300.000 spectateurs par an, vise \u00e0 pr\u00e9server, valoriser et assurer la continuit\u00e9 du patrimoine de tagnaouite, du statut de Ma\u00e2lem et des musiciens qui s\u2019adonnent \u00e0 plein coeur \u00e0 cet art ancestral oral.<\/p>\n<\/div>\n<p>Auteur: Meriem IGASS<br \/>\n<a href=\"http:\/\/www.mapmarrakech.ma\/fr\/maalem-bekkas-et-hakmoun-livrent-un-concert-electrique\/\">Cliquez ici pour lire l&rsquo;article depuis sa source.<\/a><\/p>\n","protected":false},"excerpt":{"rendered":"<p>Essaouira \u2013 A l\u2019occasion de la deuxi\u00e8me journ\u00e9e de la 22\u00e8me \u00e9dition du Festival Gnaoua et musiques du monde d\u2019Essaouira, les deux M\u00e2alem, Majid Bekkas et Hassan Hakmoun, ont livr\u00e9, vendredi soir, de belles prestations qui ont permis aux aficionados gnaouis de d\u00e9couvrir une dimension toute singuli\u00e8re d\u2019un art ancestral m\u00ealant fusion et \u00e9nergie contemporaine. [&hellip;]<\/p>\n","protected":false},"author":1788,"featured_media":0,"comment_status":"closed","ping_status":"closed","sticky":false,"template":"","format":"standard","meta":{"fifu_image_url":"","fifu_image_alt":"","footnotes":""},"categories":[54,76],"tags":[],"class_list":["post-42016","post","type-post","status-publish","format-standard","hentry","category-maroc","category-regions"],"_links":{"self":[{"href":"https:\/\/linitiative.ca\/International\/wp-json\/wp\/v2\/posts\/42016","targetHints":{"allow":["GET"]}}],"collection":[{"href":"https:\/\/linitiative.ca\/International\/wp-json\/wp\/v2\/posts"}],"about":[{"href":"https:\/\/linitiative.ca\/International\/wp-json\/wp\/v2\/types\/post"}],"author":[{"embeddable":true,"href":"https:\/\/linitiative.ca\/International\/wp-json\/wp\/v2\/users\/1788"}],"replies":[{"embeddable":true,"href":"https:\/\/linitiative.ca\/International\/wp-json\/wp\/v2\/comments?post=42016"}],"version-history":[{"count":0,"href":"https:\/\/linitiative.ca\/International\/wp-json\/wp\/v2\/posts\/42016\/revisions"}],"wp:attachment":[{"href":"https:\/\/linitiative.ca\/International\/wp-json\/wp\/v2\/media?parent=42016"}],"wp:term":[{"taxonomy":"category","embeddable":true,"href":"https:\/\/linitiative.ca\/International\/wp-json\/wp\/v2\/categories?post=42016"},{"taxonomy":"post_tag","embeddable":true,"href":"https:\/\/linitiative.ca\/International\/wp-json\/wp\/v2\/tags?post=42016"}],"curies":[{"name":"wp","href":"https:\/\/api.w.org\/{rel}","templated":true}]}}