{"id":42017,"date":"2019-06-22T09:51:38","date_gmt":"2019-06-22T13:51:38","guid":{"rendered":"https:\/\/linitiative.ca\/International\/festival-gnaoua-fusion-explosive-entre-tinariwen-et-baqbou\/"},"modified":"2019-06-22T09:51:38","modified_gmt":"2019-06-22T13:51:38","slug":"festival-gnaoua-fusion-explosive-entre-tinariwen-et-baqbou","status":"publish","type":"post","link":"https:\/\/linitiative.ca\/International\/festival-gnaoua-fusion-explosive-entre-tinariwen-et-baqbou\/","title":{"rendered":"Festival Gnaoua: Fusion explosive entre Tinariwen et Baqbou"},"content":{"rendered":"<div readability=\"40\">\n<p>.- Envoy\u00e9 sp\u00e9cial: Hakim Ennadi-.<\/p>\n<p>Essaouira \u2013 Les bluesmen du d\u00e9sert, Tinariwen et le Ma\u00eetre gnaoui M\u00e2allem Baqbou ont partag\u00e9, vendredi, la sc\u00e8ne de la place Moulay El Hassan, faisant vivre au public du 22\u00e8me Festival Gnaoua et musiques du monde d\u2019Essaouira une soir\u00e9e des plus mythiques.<\/p>\n<\/div>\n<div readability=\"111\">\n<p>Tinariwen et M\u00e2allem Baqbou ont offert aux milliers de festivaliers trois concerts de haute vol\u00e9e, car chacune des formations s\u2019est produite en solo avant de se r\u00e9unir dans un concert fusion qui a tenu en haleine tout le public du festival.<\/p>\n<p>Des battements des tambours annon\u00e7aient l\u2019arriv\u00e9e sur sc\u00e8ne de M\u00e2alem Baqbou, pour le grand plaisir du public qui a \u00e9t\u00e9 invit\u00e9 \u00e0 chanter avec l\u2019artiste. Tr\u00e8s vite, une communion s\u2019est cr\u00e9\u00e9e entre Baqbou et les spectateurs qui se sont transform\u00e9s, volontiers, en une chorale g\u00e9ante qui r\u00e9p\u00e9tait avec lui les meilleures chansons gnaouies telle: \u00ab\u00a0Salatou Ala Nabina\u00a0\u00bb, \u00ab\u00a0Tourkoulila\u00a0\u00bb, ou encore Ya Bouderbala.<\/p>\n<p>Ayant le souci de faire conna\u00eetre l\u2019art de Gnaoua, dans sa dimension la plus traditionnelle ainsi que dans sa capacit\u00e9 \u00e0 fusionner avec tous les genres musicaux, M\u00e2alem Baqbou est connu pour ses fusions exceptionnelles, et a toujours partag\u00e9 la sc\u00e8ne avec des t\u00eates d\u2019affiche. Cette soir\u00e9e n\u2019a pas \u00e9chapp\u00e9 \u00e0 la r\u00e8gle, et Baqbou allait revenir une heure plus tard pour partager la sc\u00e8ne avec les Maliens.<\/p>\n<p><strong>Les Touaregs prennent l\u2019affiche<\/strong><\/p>\n<p>Sans doute l\u2019un des groupes les plus attendus de cette 22\u00e8me \u00e9dition du Festival Gnaoua, Tinariwen ont livr\u00e9 une prestation g\u00e9n\u00e9reuse qui a conquis un public amoureux de musiques authentiques. Avec leur rythmes \u00e9nerg\u00e9tiques, leurs m\u00e9lodies captivantes, mais surtout leur danses joyeuses, ce groupe touareg a offert un concert explosif qui n\u2019a laiss\u00e9 personne indiff\u00e9rent.<\/p>\n<p>L\u2019ambiance \u00e9tait arriv\u00e9e \u00e0 son apog\u00e9e et la place s\u2019est vite transform\u00e9e en une gigantesque piste de danse o\u00f9 tout le monde bougeait aux rythmes mystiques de la musique touareg. Dans le public on retrouvait des fans de Tinariwen qui connaissent parfaitement leur r\u00e9pertoire et r\u00e9p\u00e8tent avec ses membres la plus part de ses chansons, qu\u2019elle soient en arabe ou en langue amazighe. On retrouvait \u00e9galement des gens qui d\u00e9couvrent le groupe pour la premi\u00e8re fois et tombent sous son charme d\u00e8s les premi\u00e8res notes.<\/p>\n<p>Il y avait \u00e9galement parmi les festivaliers plusieurs jeunes portant des Ch\u00e8che, ce foulard typique de la population touareg.<\/p>\n<p><strong>Tinariwen\/Baqbou: la fusion des ma\u00eetres<\/strong><\/p>\n<p>L\u2019un des moments les plus forts de la soir\u00e9e a \u00e9t\u00e9 le retour du M\u00e2alem Baqbou pour partager la sc\u00e8ne, en compagnie de ses disciples, avec le groupe Tinariwen. Cette union d\u2019arts ancestraux et de musiques authentiques, a donn\u00e9 lieu \u00e0 un spectacle \u00e9poustouflant, qui a pouss\u00e9 le public \u00e0 d\u00e9penser encore plus d\u2019\u00e9nergie pour suivre la cadence.<\/p>\n<p>En effet, les tambours r\u00e9sonnaient tr\u00e8s forts, les crotales s\u2019entrechoquaient \u00e0 un rythme effr\u00e9n\u00e9 et les danseurs des deux formations ne sont jamais fatigu\u00e9s. Ils se sont livr\u00e9s \u00e0 des chor\u00e9graphies improvis\u00e9es, tant\u00f4t sur des rythmes gnaouis, tant\u00f4t sur des m\u00e9lodies touareg.<\/p>\n<p>Ibrahim Ag Alhabib, l\u2019un des membres du groupe Tinariwen, n\u2019a pas cach\u00e9 sa joie de partager la sc\u00e8ne et m\u00e9tisser son art avec celui de Gnaoua, faisant savoir qu\u2019il s\u2019agit pour son groupe de la premi\u00e8re fusion en terre africaine.<\/p>\n<p>Les amateurs de Gnaoua et des arts authentiques ont \u00e9t\u00e9 bien servis lors de cette soir\u00e9e qui a dur\u00e9e 6 heures, o\u00f9 se sont aussi produits Majid Bekkas et Hassan Hakmoun.<\/p>\n<p>Offrant chaque ann\u00e9e des moments de voyages musicaux in\u00e9dits, le Festival Gnaoua ne cesse depuis sa cr\u00e9ation de faire la promotion des musiques du monde traditionnelles et de mettre en avant la richesse du patrimoine musical mondial.<\/p>\n<\/div>\n<p>Auteur: Meriem IGASS<br \/>\n<a href=\"http:\/\/www.mapmarrakech.ma\/fr\/festival-gnaoua-fusion-explosive-entre-tinariwen-et-maalem-baqbou\/\">Cliquez ici pour lire l&rsquo;article depuis sa source.<\/a><\/p>\n","protected":false},"excerpt":{"rendered":"<p>.- Envoy\u00e9 sp\u00e9cial: Hakim Ennadi-. Essaouira \u2013 Les bluesmen du d\u00e9sert, Tinariwen et le Ma\u00eetre gnaoui M\u00e2allem Baqbou ont partag\u00e9, vendredi, la sc\u00e8ne de la place Moulay El Hassan, faisant vivre au public du 22\u00e8me Festival Gnaoua et musiques du monde d\u2019Essaouira une soir\u00e9e des plus mythiques. Tinariwen et M\u00e2allem Baqbou ont offert aux milliers [&hellip;]<\/p>\n","protected":false},"author":1788,"featured_media":0,"comment_status":"closed","ping_status":"closed","sticky":false,"template":"","format":"standard","meta":{"fifu_image_url":"","fifu_image_alt":"","footnotes":""},"categories":[54,76],"tags":[],"class_list":["post-42017","post","type-post","status-publish","format-standard","hentry","category-maroc","category-regions"],"_links":{"self":[{"href":"https:\/\/linitiative.ca\/International\/wp-json\/wp\/v2\/posts\/42017","targetHints":{"allow":["GET"]}}],"collection":[{"href":"https:\/\/linitiative.ca\/International\/wp-json\/wp\/v2\/posts"}],"about":[{"href":"https:\/\/linitiative.ca\/International\/wp-json\/wp\/v2\/types\/post"}],"author":[{"embeddable":true,"href":"https:\/\/linitiative.ca\/International\/wp-json\/wp\/v2\/users\/1788"}],"replies":[{"embeddable":true,"href":"https:\/\/linitiative.ca\/International\/wp-json\/wp\/v2\/comments?post=42017"}],"version-history":[{"count":0,"href":"https:\/\/linitiative.ca\/International\/wp-json\/wp\/v2\/posts\/42017\/revisions"}],"wp:attachment":[{"href":"https:\/\/linitiative.ca\/International\/wp-json\/wp\/v2\/media?parent=42017"}],"wp:term":[{"taxonomy":"category","embeddable":true,"href":"https:\/\/linitiative.ca\/International\/wp-json\/wp\/v2\/categories?post=42017"},{"taxonomy":"post_tag","embeddable":true,"href":"https:\/\/linitiative.ca\/International\/wp-json\/wp\/v2\/tags?post=42017"}],"curies":[{"name":"wp","href":"https:\/\/api.w.org\/{rel}","templated":true}]}}