{"id":42028,"date":"2019-06-22T09:06:18","date_gmt":"2019-06-22T13:06:18","guid":{"rendered":"https:\/\/linitiative.ca\/International\/le-saxophoniste-cornillet-et-ariband-en-fusion-explosive\/"},"modified":"2019-06-22T09:06:18","modified_gmt":"2019-06-22T13:06:18","slug":"le-saxophoniste-cornillet-et-ariband-en-fusion-explosive","status":"publish","type":"post","link":"https:\/\/linitiative.ca\/International\/le-saxophoniste-cornillet-et-ariband-en-fusion-explosive\/","title":{"rendered":"Le saxophoniste Cornillet et Ariband en fusion explosive"},"content":{"rendered":"<div readability=\"39\">\n<p>Une soir\u00e9e d\u00e9di\u00e9e \u00e0 la fusion entre Jazz, Reggae, Rai et Reggada, a \u00e9t\u00e9 anim\u00e9e, vendredi soir \u00e0 l\u2019annexe de l\u2019Institut fran\u00e7ais d\u2019Oujda, par le saxophoniste fran\u00e7ais Florent Cornillet et la troupe oujdie \u00ab\u00a0Ariband\u00a0\u00bb.<\/p>\n<\/div>\n<div readability=\"88\">\n<p>C\u2019est dans une ambiance conviviale et bon enfant, que des f\u00e9rus des rythmes jazzistiques ont eu droit \u00e0 un spectacle in\u00e9dit, organis\u00e9 \u00e0 l\u2019occasion de la F\u00eate de la musique, le temps d\u2019appr\u00e9cier un genre musical sublime et de danser sur des rythmes vifs alliant sonorit\u00e9s occidentales agr\u00e9ment\u00e9es de touches maghr\u00e9bines.<\/p>\n<p>Accompagn\u00e9 du Dj malien Morike Keita (Mo), le saxophoniste au style World Jazz, a su cr\u00e9er un univers \u00e9clectique, rehauss\u00e9 par une pr\u00e9sence charismatique sur sc\u00e8ne portant l\u2019assistance vers un voyage dans le monde de la musique de jazz, aux influences vari\u00e9es.<\/p>\n<p>Le public a, \u00e9galement, \u00e9t\u00e9 enchant\u00e9 par la prestation de qualit\u00e9 donn\u00e9e par le groupe \u00ab\u00a0Ariband\u00a0\u00bb et conquis par ses sonorit\u00e9s rythmiques et harmoniques et ses multiples inspirations, qui puisent dans le riche r\u00e9pertoire de la r\u00e9gion de l\u2019Oriental, notamment les styles Rai et Reggada.<\/p>\n<p>Fond\u00e9 en 2010 \u00e0 Oujda, par le chanteur Taoufik Fakher, Ariband a particip\u00e9 \u00e0 de nombreux festivals et concerts au Maroc comme au Cameroun, en France et aux Pays-Bas.<\/p>\n<p>Dans une d\u00e9claration \u00e0 la MAP, Florent Cornillet s\u2019est dit tr\u00e8s heureux de partager le bonheur et la joie avec le public oujdi lors de cette soir\u00e9e musicale, notant qu\u2019il avait d\u00e9j\u00e0 jou\u00e9 au festival Tanjazz, et \u00e0 Dakhla \u00e0 l\u2019occasion du Forum Crans Montana.<\/p>\n<p>L\u2019improvisation musicale et la r\u00e9invention sont les d\u00e9nominateurs communs entre le jazz et les musiques maroco-maghr\u00e9bines qui rec\u00e8lent un \u00e9norme r\u00e9servoir artistique, a-t-il fait observer.<\/p>\n<p>Pour sa part, la directrice de l\u2019Institut Fran\u00e7ais d\u2019Oujda, Mme Yannick Beauvais, a relev\u00e9 que cette soir\u00e9e c\u00e9l\u00e9brant la F\u00eate de la musique, qui marque le d\u00e9but de l\u2019\u00e9t\u00e9, se veut l\u2019occasion de mettre en valeur aussi bien les styles occidentaux que les musiques locales et orientales.<\/p>\n<p>Elle a \u00e9l\u00e9gamment not\u00e9 que l\u2019Institut Fran\u00e7ais d\u2019Oujda, \u00ab\u00a0qui a sign\u00e9 une saison extr\u00eamement riche en activit\u00e9s culturelles et artistiques\u00a0\u00bb, entend \u00e0 travers ces concerts promouvoir la communion des cultures.<\/p>\n<\/div>\n<p>Auteur: Soufiane ELAHMAR<br \/>\n<a href=\"http:\/\/www.mapoujda.ma\/fr\/le-saxophoniste-cornillet-et-ariband-en-fusion-explosive\/\">Cliquez ici pour lire l&rsquo;article depuis sa source.<\/a><\/p>\n","protected":false},"excerpt":{"rendered":"<p>Une soir\u00e9e d\u00e9di\u00e9e \u00e0 la fusion entre Jazz, Reggae, Rai et Reggada, a \u00e9t\u00e9 anim\u00e9e, vendredi soir \u00e0 l\u2019annexe de l\u2019Institut fran\u00e7ais d\u2019Oujda, par le saxophoniste fran\u00e7ais Florent Cornillet et la troupe oujdie \u00ab\u00a0Ariband\u00a0\u00bb. C\u2019est dans une ambiance conviviale et bon enfant, que des f\u00e9rus des rythmes jazzistiques ont eu droit \u00e0 un spectacle in\u00e9dit, [&hellip;]<\/p>\n","protected":false},"author":1788,"featured_media":0,"comment_status":"closed","ping_status":"closed","sticky":false,"template":"","format":"standard","meta":{"fifu_image_url":"","fifu_image_alt":"","footnotes":""},"categories":[54,76],"tags":[],"class_list":["post-42028","post","type-post","status-publish","format-standard","hentry","category-maroc","category-regions"],"_links":{"self":[{"href":"https:\/\/linitiative.ca\/International\/wp-json\/wp\/v2\/posts\/42028","targetHints":{"allow":["GET"]}}],"collection":[{"href":"https:\/\/linitiative.ca\/International\/wp-json\/wp\/v2\/posts"}],"about":[{"href":"https:\/\/linitiative.ca\/International\/wp-json\/wp\/v2\/types\/post"}],"author":[{"embeddable":true,"href":"https:\/\/linitiative.ca\/International\/wp-json\/wp\/v2\/users\/1788"}],"replies":[{"embeddable":true,"href":"https:\/\/linitiative.ca\/International\/wp-json\/wp\/v2\/comments?post=42028"}],"version-history":[{"count":0,"href":"https:\/\/linitiative.ca\/International\/wp-json\/wp\/v2\/posts\/42028\/revisions"}],"wp:attachment":[{"href":"https:\/\/linitiative.ca\/International\/wp-json\/wp\/v2\/media?parent=42028"}],"wp:term":[{"taxonomy":"category","embeddable":true,"href":"https:\/\/linitiative.ca\/International\/wp-json\/wp\/v2\/categories?post=42028"},{"taxonomy":"post_tag","embeddable":true,"href":"https:\/\/linitiative.ca\/International\/wp-json\/wp\/v2\/tags?post=42028"}],"curies":[{"name":"wp","href":"https:\/\/api.w.org\/{rel}","templated":true}]}}