{"id":42035,"date":"2019-06-22T15:14:04","date_gmt":"2019-06-22T19:14:04","guid":{"rendered":"https:\/\/linitiative.ca\/International\/equipe-dalgerie-bennacer-pret-pour-le-kenya\/"},"modified":"2019-06-22T15:14:04","modified_gmt":"2019-06-22T19:14:04","slug":"equipe-dalgerie-bennacer-pret-pour-le-kenya","status":"publish","type":"post","link":"https:\/\/linitiative.ca\/International\/equipe-dalgerie-bennacer-pret-pour-le-kenya\/","title":{"rendered":"Equipe d&rsquo;Alg\u00e9rie : Bennacer pr\u00eat pour le Kenya !"},"content":{"rendered":"<div readability=\"32\">\n<p>Auteur : <span>Moumen A.<\/span> <span class=\"time\">samedi 22 juin 2019 10:02<\/span><\/p>\n<\/div>\n<div id=\"post_core\" readability=\"63\">\n<p>Comme indiqu\u00e9 hier, le milieu d\u00e9fensif de l\u2019EN, Ismael Bennacer, ne souffre d\u2019aucune blessure grave. Epargn\u00e9 par l\u2019entraineur Djamel Belmadi, le meilleur joueur d\u2019Empoli, cette saison, a pris part \u00e0 l\u2019entrainement de l\u2019Equipe nationale, ex\u00e9cut\u00e9 ce vendredi sur le terrain de Petrosport d\u2019Enppi. Le joueur form\u00e9 \u00e0 Arsenal s\u2019est d\u00e9barrass\u00e9 compl\u00e8tement des douleurs ressentis \u00e0 son orteil. Une bonne nouvelle qui soulagera l\u2019entraineur national \u00e0 plus d\u2019un titre.<\/p>\n<p><strong>Belmadi voulait le r\u00e9cup\u00e9rer avec toute sa fraicheur<\/strong><br \/>L\u2019ancien joueur d\u2019Arsenal, auteur d\u2019une prestation remarquable contre le Mali en amical \u00e0 Doha, il y a quelques jours, est devenu un \u00e9l\u00e9ment important dans l\u2019\u00e9chiquier du coach Djamel Belmadi. Ce dernier, conscient que son prot\u00e9g\u00e9 a jou\u00e9 presque toute une saison avec Empoli en Serie A, voulait lui laisser tout le temps de bien r\u00e9cup\u00e9rer et lui \u00e9viter toute rechute \u00e0 la veille de la Coupe d\u2019Afrique des nations 2019, qui a commenc\u00e9 hier. En d\u2019autres termes Bennacer avait aussi besoin de souffler pour bien entamer la CAN contre le Kenya.<\/p>\n<p><strong>Sa combativit\u00e9 et sa hargne font du bien \u00e0 l\u2019EN<\/strong><br \/>En plus de ses qualit\u00e9s techniques ind\u00e9niables, Ismael Bennacer impressionne aussi par son sens de la combativit\u00e9 sur le terrain. A l\u2019entrainement, il a une attitude sans failles. Il se bagarre sur tous les ballons disput\u00e9s et sa hargne montr\u00e9e dans les duels ne laisse pas Djamel Belmadi indiff\u00e9rent. En plus de ce qu\u2019on vient de citer, Bennacer est aussi dot\u00e9 d\u2019un sang-froid magnifique qui lui permet de sortir des ballons pourris dans n\u2019importe quelle position pour les rendre propres et relancer proprement.<br \/>\u00a0<\/p>\n<p><strong>Publi\u00e9 dans :<\/strong> <span>Belmadi<\/span> <span>Empoli<\/span> <span>Ismael Bennacer<\/span><\/p>\n<\/div>\n<p>Auteur:<br \/>\n<a href=\"http:\/\/www.lebuteur.com\/article\/detail?titre=bennacer-pret-pour-le-kenya&#038;id=89754&#038;utm_source=feedburner&#038;utm_medium=feed&#038;utm_campaign=Feed%3A+GalerieFArtciles+%28Les+derniers+articles++-+lebuteur.com%29\">Cliquez ici pour lire l&rsquo;article depuis sa source.<\/a><\/p>\n","protected":false},"excerpt":{"rendered":"<p>Auteur : Moumen A. samedi 22 juin 2019 10:02 Comme indiqu\u00e9 hier, le milieu d\u00e9fensif de l\u2019EN, Ismael Bennacer, ne souffre d\u2019aucune blessure grave. Epargn\u00e9 par l\u2019entraineur Djamel Belmadi, le meilleur joueur d\u2019Empoli, cette saison, a pris part \u00e0 l\u2019entrainement de l\u2019Equipe nationale, ex\u00e9cut\u00e9 ce vendredi sur le terrain de Petrosport d\u2019Enppi. Le joueur form\u00e9 [&hellip;]<\/p>\n","protected":false},"author":1738,"featured_media":42036,"comment_status":"closed","ping_status":"closed","sticky":false,"template":"","format":"standard","meta":{"fifu_image_url":"","fifu_image_alt":"","footnotes":""},"categories":[53,75],"tags":[],"class_list":["post-42035","post","type-post","status-publish","format-standard","has-post-thumbnail","hentry","category-algerie","category-sport"],"_links":{"self":[{"href":"https:\/\/linitiative.ca\/International\/wp-json\/wp\/v2\/posts\/42035","targetHints":{"allow":["GET"]}}],"collection":[{"href":"https:\/\/linitiative.ca\/International\/wp-json\/wp\/v2\/posts"}],"about":[{"href":"https:\/\/linitiative.ca\/International\/wp-json\/wp\/v2\/types\/post"}],"author":[{"embeddable":true,"href":"https:\/\/linitiative.ca\/International\/wp-json\/wp\/v2\/users\/1738"}],"replies":[{"embeddable":true,"href":"https:\/\/linitiative.ca\/International\/wp-json\/wp\/v2\/comments?post=42035"}],"version-history":[{"count":0,"href":"https:\/\/linitiative.ca\/International\/wp-json\/wp\/v2\/posts\/42035\/revisions"}],"wp:featuredmedia":[{"embeddable":true,"href":"https:\/\/linitiative.ca\/International\/wp-json\/"}],"wp:attachment":[{"href":"https:\/\/linitiative.ca\/International\/wp-json\/wp\/v2\/media?parent=42035"}],"wp:term":[{"taxonomy":"category","embeddable":true,"href":"https:\/\/linitiative.ca\/International\/wp-json\/wp\/v2\/categories?post=42035"},{"taxonomy":"post_tag","embeddable":true,"href":"https:\/\/linitiative.ca\/International\/wp-json\/wp\/v2\/tags?post=42035"}],"curies":[{"name":"wp","href":"https:\/\/api.w.org\/{rel}","templated":true}]}}