{"id":42039,"date":"2019-06-22T15:14:06","date_gmt":"2019-06-22T19:14:06","guid":{"rendered":"https:\/\/linitiative.ca\/International\/international-la-juventus-sur-le-point-de-devancer-tout-le-monde-dans-le-dossier-de-ligt\/"},"modified":"2019-06-22T15:14:06","modified_gmt":"2019-06-22T19:14:06","slug":"international-la-juventus-sur-le-point-de-devancer-tout-le-monde-dans-le-dossier-de-ligt","status":"publish","type":"post","link":"https:\/\/linitiative.ca\/International\/international-la-juventus-sur-le-point-de-devancer-tout-le-monde-dans-le-dossier-de-ligt\/","title":{"rendered":"International : La Juventus sur le point de devancer tout le monde dans le dossier De Ligt"},"content":{"rendered":"<div readability=\"32\">\n<p>Auteur : <span class=\"time\">samedi 22 juin 2019 12:21<\/span><\/p>\n<\/div>\n<div id=\"post_core\" readability=\"46\">\n<p>A en croire le journaliste de Sky Sport Italia Gianluca Di Marzio, La Juventus Turin aurait re\u00e7u des signaux positifs de la part de Matthijs de Ligt (19 ans), int\u00e9ress\u00e9 par un transfert chez le champion d\u2019Italie. De quoi inciter la Juve \u00e0 passer la vitesse sup\u00e9rieure comme l&rsquo;indique Maxifoot.<\/p>\n<p>En effet, le directeur sportif turinois Fabio Paratici aurait pr\u00e9vu de franchir un cap dans les n\u00e9gociations avec l\u2019Ajax et son capitaine ce samedi. Ainsi, les Bianconeri devanceraient le PSG, le Bayern Munich et le FC Barcelone sur ce dossier. Mais comme vous l&rsquo;aurez constat\u00e9, on n&rsquo;est pas \u00e0 l&rsquo;abri d&rsquo;un \u00e9ni\u00e8me rebondissement avec de Ligt et son agent Mino Raiola&#8230;<\/p>\n<p><strong>Publi\u00e9 dans :<\/strong> <span>juventus<\/span><\/p>\n<\/div>\n<p>Auteur:<br \/>\n<a href=\"http:\/\/www.lebuteur.com\/article\/detail?titre=la-juventus-sur-le-point-de-devancer-tout-le-monde-dans-le-dossier-de-ligt&#038;id=89759&#038;utm_source=feedburner&#038;utm_medium=feed&#038;utm_campaign=Feed%3A+GalerieFArtciles+%28Les+derniers+articles++-+lebuteur.com%29\">Cliquez ici pour lire l&rsquo;article depuis sa source.<\/a><\/p>\n","protected":false},"excerpt":{"rendered":"<p>Auteur : samedi 22 juin 2019 12:21 A en croire le journaliste de Sky Sport Italia Gianluca Di Marzio, La Juventus Turin aurait re\u00e7u des signaux positifs de la part de Matthijs de Ligt (19 ans), int\u00e9ress\u00e9 par un transfert chez le champion d\u2019Italie. De quoi inciter la Juve \u00e0 passer la vitesse sup\u00e9rieure comme [&hellip;]<\/p>\n","protected":false},"author":1738,"featured_media":42040,"comment_status":"closed","ping_status":"closed","sticky":false,"template":"","format":"standard","meta":{"fifu_image_url":"","fifu_image_alt":"","footnotes":""},"categories":[53,75],"tags":[],"class_list":["post-42039","post","type-post","status-publish","format-standard","has-post-thumbnail","hentry","category-algerie","category-sport"],"_links":{"self":[{"href":"https:\/\/linitiative.ca\/International\/wp-json\/wp\/v2\/posts\/42039","targetHints":{"allow":["GET"]}}],"collection":[{"href":"https:\/\/linitiative.ca\/International\/wp-json\/wp\/v2\/posts"}],"about":[{"href":"https:\/\/linitiative.ca\/International\/wp-json\/wp\/v2\/types\/post"}],"author":[{"embeddable":true,"href":"https:\/\/linitiative.ca\/International\/wp-json\/wp\/v2\/users\/1738"}],"replies":[{"embeddable":true,"href":"https:\/\/linitiative.ca\/International\/wp-json\/wp\/v2\/comments?post=42039"}],"version-history":[{"count":0,"href":"https:\/\/linitiative.ca\/International\/wp-json\/wp\/v2\/posts\/42039\/revisions"}],"wp:featuredmedia":[{"embeddable":true,"href":"https:\/\/linitiative.ca\/International\/wp-json\/"}],"wp:attachment":[{"href":"https:\/\/linitiative.ca\/International\/wp-json\/wp\/v2\/media?parent=42039"}],"wp:term":[{"taxonomy":"category","embeddable":true,"href":"https:\/\/linitiative.ca\/International\/wp-json\/wp\/v2\/categories?post=42039"},{"taxonomy":"post_tag","embeddable":true,"href":"https:\/\/linitiative.ca\/International\/wp-json\/wp\/v2\/tags?post=42039"}],"curies":[{"name":"wp","href":"https:\/\/api.w.org\/{rel}","templated":true}]}}