{"id":42043,"date":"2019-06-22T15:14:08","date_gmt":"2019-06-22T19:14:08","guid":{"rendered":"https:\/\/linitiative.ca\/International\/afrique-kenya-migne-jaurais-un-mal-de-tete-si-je-devais-definir-cette-equipe-dalgerie\/"},"modified":"2019-06-22T15:14:08","modified_gmt":"2019-06-22T19:14:08","slug":"afrique-kenya-migne-jaurais-un-mal-de-tete-si-je-devais-definir-cette-equipe-dalgerie","status":"publish","type":"post","link":"https:\/\/linitiative.ca\/International\/afrique-kenya-migne-jaurais-un-mal-de-tete-si-je-devais-definir-cette-equipe-dalgerie\/","title":{"rendered":"Afrique : Kenya &#8211; Mign\u00e9 : \u00ab\u00a0J&rsquo;aurais un mal de t\u00eate si je devais d\u00e9finir cette \u00e9quipe d&rsquo;Alg\u00e9rie\u00a0\u00bb"},"content":{"rendered":"<div readability=\"32\">\n<p>Auteur : <span class=\"time\">samedi 22 juin 2019 13:08<\/span><\/p>\n<\/div>\n<div id=\"post_core\" readability=\"44\">\n<p>Le s\u00e9lectionneur du Kenya S\u00e9bastien Mign\u00e9 a assur\u00e9 que son \u00e9quipe ne se pr\u00e9senterait \u00ab\u00a0pas en victime\u00a0\u00bb :<\/p>\n<p>\u00ab\u00a0Sur un match, tout est possible. J&rsquo;aurais un mal de t\u00eate si je devais d\u00e9finir cette \u00e9quipe d&rsquo;Alg\u00e9rie tellement il y a d&rsquo;individualit\u00e9s. A nous de proposer un collectif fort pour contrer ces individualit\u00e9s.\u00a0\u00bb Des propos relay\u00e9s par France Football.<\/p>\n<p>L&rsquo;entraineur fran\u00e7ais esp\u00e8re tout de m\u00eame une maladresse des Verts pour cette rencontre : \u00ab\u00a0si l\u2019Alg\u00e9rie pouvait r\u00e9p\u00e9ter ces rat\u00e9s de 2010 et 2017, je suis preneur\u00a0\u00bb, a ainsi plaisant\u00e9 Mign\u00e9.<\/p>\n<p><strong>Publi\u00e9 dans :<\/strong> <span>kenya<\/span><\/p>\n<\/div>\n<p>Auteur:<br \/>\n<a href=\"http:\/\/www.lebuteur.com\/article\/detail?titre=kenya-migne-jaurais-un-mal-de-tete-si-je-devais-definir-cette-equipe-dalgerie&#038;id=89761&#038;utm_source=feedburner&#038;utm_medium=feed&#038;utm_campaign=Feed%3A+GalerieFArtciles+%28Les+derniers+articles++-+lebuteur.com%29\">Cliquez ici pour lire l&rsquo;article depuis sa source.<\/a><\/p>\n","protected":false},"excerpt":{"rendered":"<p>Auteur : samedi 22 juin 2019 13:08 Le s\u00e9lectionneur du Kenya S\u00e9bastien Mign\u00e9 a assur\u00e9 que son \u00e9quipe ne se pr\u00e9senterait \u00ab\u00a0pas en victime\u00a0\u00bb : \u00ab\u00a0Sur un match, tout est possible. J&rsquo;aurais un mal de t\u00eate si je devais d\u00e9finir cette \u00e9quipe d&rsquo;Alg\u00e9rie tellement il y a d&rsquo;individualit\u00e9s. A nous de proposer un collectif fort [&hellip;]<\/p>\n","protected":false},"author":1738,"featured_media":42044,"comment_status":"closed","ping_status":"closed","sticky":false,"template":"","format":"standard","meta":{"fifu_image_url":"","fifu_image_alt":"","footnotes":""},"categories":[53,75],"tags":[],"class_list":["post-42043","post","type-post","status-publish","format-standard","has-post-thumbnail","hentry","category-algerie","category-sport"],"_links":{"self":[{"href":"https:\/\/linitiative.ca\/International\/wp-json\/wp\/v2\/posts\/42043","targetHints":{"allow":["GET"]}}],"collection":[{"href":"https:\/\/linitiative.ca\/International\/wp-json\/wp\/v2\/posts"}],"about":[{"href":"https:\/\/linitiative.ca\/International\/wp-json\/wp\/v2\/types\/post"}],"author":[{"embeddable":true,"href":"https:\/\/linitiative.ca\/International\/wp-json\/wp\/v2\/users\/1738"}],"replies":[{"embeddable":true,"href":"https:\/\/linitiative.ca\/International\/wp-json\/wp\/v2\/comments?post=42043"}],"version-history":[{"count":0,"href":"https:\/\/linitiative.ca\/International\/wp-json\/wp\/v2\/posts\/42043\/revisions"}],"wp:featuredmedia":[{"embeddable":true,"href":"https:\/\/linitiative.ca\/International\/wp-json\/"}],"wp:attachment":[{"href":"https:\/\/linitiative.ca\/International\/wp-json\/wp\/v2\/media?parent=42043"}],"wp:term":[{"taxonomy":"category","embeddable":true,"href":"https:\/\/linitiative.ca\/International\/wp-json\/wp\/v2\/categories?post=42043"},{"taxonomy":"post_tag","embeddable":true,"href":"https:\/\/linitiative.ca\/International\/wp-json\/wp\/v2\/tags?post=42043"}],"curies":[{"name":"wp","href":"https:\/\/api.w.org\/{rel}","templated":true}]}}