{"id":42045,"date":"2019-06-22T15:14:08","date_gmt":"2019-06-22T19:14:08","guid":{"rendered":"https:\/\/linitiative.ca\/International\/equipe-dalgerie-belmadi-explique-pourquoi-lalgerie-na-pas-un-statut-de-favori\/"},"modified":"2019-06-22T15:14:08","modified_gmt":"2019-06-22T19:14:08","slug":"equipe-dalgerie-belmadi-explique-pourquoi-lalgerie-na-pas-un-statut-de-favori","status":"publish","type":"post","link":"https:\/\/linitiative.ca\/International\/equipe-dalgerie-belmadi-explique-pourquoi-lalgerie-na-pas-un-statut-de-favori\/","title":{"rendered":"Equipe d&rsquo;Alg\u00e9rie : Belmadi explique pourquoi l&rsquo;Alg\u00e9rie n&rsquo;a pas un statut de favori"},"content":{"rendered":"<div readability=\"32\">\n<p>Auteur : <span class=\"time\">samedi 22 juin 2019 13:19<\/span><\/p>\n<\/div>\n<div id=\"post_core\" readability=\"52\">\n<p>Djamel Belmadi ne veut clairement pas br\u00fbler les \u00e9tapes comme il l&rsquo;a expliqu\u00e9 ce samedi en conf\u00e9rence de presse :<\/p>\n<p>\u00ab\u00a0On est une \u00e9quipe qui est en train de se reconstruire et qui veut bien faire\u00a0\u00bb, a expliqu\u00e9 le s\u00e9lectionneur des Verts, qui ne veut pas du statut de favori.<\/p>\n<p>\u00ab\u00a0Pour \u00eatre favori, il aurait fallu avoir gagn\u00e9 une fois en dehors de nos terres (la seule CAN remport\u00e9e par les Verts le f\u00fbt \u00e0 domicile en 1990). On a \u00e9t\u00e9 sortis en 2017, on n\u2019a pas \u00e9t\u00e9 \u00e0 la Coupe du monde. Il n\u2019y a pas les ingr\u00e9dients pour \u00eatre favoris\u00a0\u00bb, a-t-il d\u00e9clar\u00e9 comme le rapporte Eurosport.<\/p>\n<p>\u00ab\u00a0Evidemment, nous avons \u00e0 coeur d\u2019aller le plus loin possible et pourquoi pas de gagner le troph\u00e9e. C\u2019est notre esprit de comp\u00e9tititon, comme les autres \u00e9quipes\u00a0\u00bb, a-t-il poursuivi.<\/p>\n<p><strong>Publi\u00e9 dans :<\/strong> <span>algerie<\/span><\/p>\n<\/div>\n<p>Auteur:<br \/>\n<a href=\"http:\/\/www.lebuteur.com\/article\/detail?titre=belmadi-explique-pourquoi-lalgerie-na-pas-un-statut-de-favori&#038;id=89762&#038;utm_source=feedburner&#038;utm_medium=feed&#038;utm_campaign=Feed%3A+GalerieFArtciles+%28Les+derniers+articles++-+lebuteur.com%29\">Cliquez ici pour lire l&rsquo;article depuis sa source.<\/a><\/p>\n","protected":false},"excerpt":{"rendered":"<p>Auteur : samedi 22 juin 2019 13:19 Djamel Belmadi ne veut clairement pas br\u00fbler les \u00e9tapes comme il l&rsquo;a expliqu\u00e9 ce samedi en conf\u00e9rence de presse : \u00ab\u00a0On est une \u00e9quipe qui est en train de se reconstruire et qui veut bien faire\u00a0\u00bb, a expliqu\u00e9 le s\u00e9lectionneur des Verts, qui ne veut pas du statut [&hellip;]<\/p>\n","protected":false},"author":1738,"featured_media":42046,"comment_status":"closed","ping_status":"closed","sticky":false,"template":"","format":"standard","meta":{"fifu_image_url":"","fifu_image_alt":"","footnotes":""},"categories":[53,75],"tags":[],"class_list":["post-42045","post","type-post","status-publish","format-standard","has-post-thumbnail","hentry","category-algerie","category-sport"],"_links":{"self":[{"href":"https:\/\/linitiative.ca\/International\/wp-json\/wp\/v2\/posts\/42045","targetHints":{"allow":["GET"]}}],"collection":[{"href":"https:\/\/linitiative.ca\/International\/wp-json\/wp\/v2\/posts"}],"about":[{"href":"https:\/\/linitiative.ca\/International\/wp-json\/wp\/v2\/types\/post"}],"author":[{"embeddable":true,"href":"https:\/\/linitiative.ca\/International\/wp-json\/wp\/v2\/users\/1738"}],"replies":[{"embeddable":true,"href":"https:\/\/linitiative.ca\/International\/wp-json\/wp\/v2\/comments?post=42045"}],"version-history":[{"count":0,"href":"https:\/\/linitiative.ca\/International\/wp-json\/wp\/v2\/posts\/42045\/revisions"}],"wp:featuredmedia":[{"embeddable":true,"href":"https:\/\/linitiative.ca\/International\/wp-json\/"}],"wp:attachment":[{"href":"https:\/\/linitiative.ca\/International\/wp-json\/wp\/v2\/media?parent=42045"}],"wp:term":[{"taxonomy":"category","embeddable":true,"href":"https:\/\/linitiative.ca\/International\/wp-json\/wp\/v2\/categories?post=42045"},{"taxonomy":"post_tag","embeddable":true,"href":"https:\/\/linitiative.ca\/International\/wp-json\/wp\/v2\/tags?post=42045"}],"curies":[{"name":"wp","href":"https:\/\/api.w.org\/{rel}","templated":true}]}}