{"id":42049,"date":"2019-06-21T19:00:00","date_gmt":"2019-06-21T23:00:00","guid":{"rendered":"https:\/\/linitiative.ca\/International\/gendarmerie-nationale-portes-ouvertes-a-boumerdes\/"},"modified":"2019-06-21T19:00:00","modified_gmt":"2019-06-21T23:00:00","slug":"gendarmerie-nationale-portes-ouvertes-a-boumerdes","status":"publish","type":"post","link":"https:\/\/linitiative.ca\/International\/gendarmerie-nationale-portes-ouvertes-a-boumerdes\/","title":{"rendered":"Gendarmerie  nationale :  Portes  ouvertes  \u00e0 Boumerd\u00e8s"},"content":{"rendered":"<div class=\"TxArtcile\" readability=\"30\">\n<p>Une affluence nombreuse de visiteurs, notamment d\u2019\u00e9tudiants et \u00e9coliers accompagn\u00e9s de leurs parents, a marqu\u00e9, jeudi, l\u2019ouverture de portes ouvertes sur la Gendarmerie nationale organis\u00e9es \u00e0 l\u2019\u00c9cole de la police judiciaire des Issers (\u00e0 l\u2019est de Boumerd\u00e8s).\u00a0<\/p>\n<p>\u00abLa manifestation vise principalement le renforcement de la relation arm\u00e9e\/nation, entre le corps de la Gendarmerie nationale et le citoyen, en vue de l\u2019ancrage d\u2019une culture s\u00e9curitaire dans notre soci\u00e9t\u00e9\u00bb, a indiqu\u00e9, dans sa allocution d\u2019ouverture, le commandant de l\u2019\u00e9cole, le colonel Drani Mohamed. Il a, en outre, soulign\u00e9 la conviction du commandement de la Gendarmerie nationale concernant le fait que \u00able citoyen est \u00e0 la base de la strat\u00e9gie s\u00e9curitaire nationale\u00bb. Une strat\u00e9gie, qui, a-t-il dit, \u00abse veut conformer aux aspirations du citoyen au plan du renforcement de la s\u00e9curit\u00e9 de proximit\u00e9, et la protection du citoyen et de ses biens notamment\u00bb.\u00a0<\/p>\n<\/div>\n<div class=\"ModliArtilUne\">\n<ul>\n<li><strong>Publi\u00e9 dans :<\/strong><\/li>\n<\/ul>\n<\/div>\n<div class=\"MbComIns\" id=\"newcom\" readability=\"5.69402985075\">\n<h6>DONNEZ VOTRE AVIS<\/h6>\n<p>Il n&rsquo;y a actuellement aucune r\u00e9action \u00e0 cette information. Soyez le premier \u00e0 r\u00e9agir !<\/p>\n<p><a href=\"\" rel=\"#popup\" class=\"login resetbutton\">Identifiez-vous<\/a><a class=\"button\" href=\"http:\/\/www.elmoudjahid.com\/fr\/inscription\/\"><span>S&rsquo;inscrire<\/span><\/a><\/p>\n<\/div>\n<p>Auteur: elmoudjahid<br \/>\n<a href=\"http:\/\/www.elmoudjahid.com\/fr\/actualites\/138380\">Cliquez ici pour lire l&rsquo;article depuis sa source.<\/a><\/p>\n","protected":false},"excerpt":{"rendered":"<p>Une affluence nombreuse de visiteurs, notamment d\u2019\u00e9tudiants et \u00e9coliers accompagn\u00e9s de leurs parents, a marqu\u00e9, jeudi, l\u2019ouverture de portes ouvertes sur la Gendarmerie nationale organis\u00e9es \u00e0 l\u2019\u00c9cole de la police judiciaire des Issers (\u00e0 l\u2019est de Boumerd\u00e8s).\u00a0 \u00abLa manifestation vise principalement le renforcement de la relation arm\u00e9e\/nation, entre le corps de la Gendarmerie nationale et [&hellip;]<\/p>\n","protected":false},"author":1744,"featured_media":0,"comment_status":"closed","ping_status":"closed","sticky":false,"template":"","format":"standard","meta":{"fifu_image_url":"","fifu_image_alt":"","footnotes":""},"categories":[73,53],"tags":[],"class_list":["post-42049","post","type-post","status-publish","format-standard","hentry","category-actualite","category-algerie"],"_links":{"self":[{"href":"https:\/\/linitiative.ca\/International\/wp-json\/wp\/v2\/posts\/42049","targetHints":{"allow":["GET"]}}],"collection":[{"href":"https:\/\/linitiative.ca\/International\/wp-json\/wp\/v2\/posts"}],"about":[{"href":"https:\/\/linitiative.ca\/International\/wp-json\/wp\/v2\/types\/post"}],"author":[{"embeddable":true,"href":"https:\/\/linitiative.ca\/International\/wp-json\/wp\/v2\/users\/1744"}],"replies":[{"embeddable":true,"href":"https:\/\/linitiative.ca\/International\/wp-json\/wp\/v2\/comments?post=42049"}],"version-history":[{"count":0,"href":"https:\/\/linitiative.ca\/International\/wp-json\/wp\/v2\/posts\/42049\/revisions"}],"wp:attachment":[{"href":"https:\/\/linitiative.ca\/International\/wp-json\/wp\/v2\/media?parent=42049"}],"wp:term":[{"taxonomy":"category","embeddable":true,"href":"https:\/\/linitiative.ca\/International\/wp-json\/wp\/v2\/categories?post=42049"},{"taxonomy":"post_tag","embeddable":true,"href":"https:\/\/linitiative.ca\/International\/wp-json\/wp\/v2\/tags?post=42049"}],"curies":[{"name":"wp","href":"https:\/\/api.w.org\/{rel}","templated":true}]}}