{"id":42051,"date":"2019-06-21T19:00:00","date_gmt":"2019-06-21T23:00:00","guid":{"rendered":"https:\/\/linitiative.ca\/International\/campagne-nationale-de-nettoyage-des-plages-caravane-de-100-jeunes-de-bouira-a-bejaia\/"},"modified":"2019-06-21T19:00:00","modified_gmt":"2019-06-21T23:00:00","slug":"campagne-nationale-de-nettoyage-des-plages-caravane-de-100-jeunes-de-bouira-a-bejaia","status":"publish","type":"post","link":"https:\/\/linitiative.ca\/International\/campagne-nationale-de-nettoyage-des-plages-caravane-de-100-jeunes-de-bouira-a-bejaia\/","title":{"rendered":"Campagne nationale de nettoyage  des plages :  Caravane de 100 jeunes  de Bouira \u00e0 B\u00e9ja\u00efa"},"content":{"rendered":"<p>La pr\u00e9sence des d\u00e9chets sur les plages est un ph\u00e9nom\u00e8ne r\u00e9curent qui n\u2019\u00e9pargne aucune de nos c\u00f4tes. Depuis quelque temps, \u00e0 l\u2019approche de chaque saison estivale, des campagnes de sensibilisation sont lanc\u00e9es pour un nettoyage \u00e9cologique de ces espaces touristiques.\u00a0<\/p>\n<p>Ainsi \u00e0 Bouira, plus de 100 jeunes issus de la wilaya ont pris part, le week-end dernier, \u00e0 la campagne nationale de nettoyage des plages organis\u00e9e \u00e0 la veille de la p\u00e9riode estivale. Le coup d\u2019envoi de la caravane a \u00e9t\u00e9 donn\u00e9 \u00e0 partir du si\u00e8ge de la wilaya par le chef de l&rsquo;ex\u00e9cutif Mustapha Limani, qui s\u2019est\u00a0 r\u00e9joui de voir les jeunes de sa wilaya prendre part \u00e0 ce genre d\u2019action environnementale,\u00a0 \u00a0initi\u00e9e par la Direction de la jeunesse et des sports de la wilaya et l\u2019Office des \u00e9tablissements de jeunes (ODEJ). \u00abUne centaine de jeunes Bouiris qui constituent cette caravane prendront part \u00e0 la campagne de nettoyage des plages dans la wilaya voisine de B\u00e9ja\u00efa\u00bb, a\u00a0 \u00a0expliqu\u00e9 \u00e0 l\u2019APS le directeur de l\u2019ODEJ, Houcine Hemmal, pr\u00e9cisant que cette action s\u2019inscrivait dans le cadre des activit\u00e9s des jeunes en pr\u00e9vision de la p\u00e9riode estivale.\u00a0<\/p>\n<p>\u00a0Dans le cadre du programme estival, l\u2019ODEJ de Bouira pr\u00e9voit \u00e9galement d\u2019organiser un camp de jeunes auquel prendront part 1.000 gar\u00e7ons et filles. \u00abNous avons aussi une autre activit\u00e9 qui porte sur l\u2019organisation de visites touristiques dans 14 wilayas c\u00f4ti\u00e8res du pays\u00bb, a indiqu\u00e9 le m\u00eame responsable. \u00abPlus de 1.500 jeunes participeront \u00e0 ces voyages qui s\u2019\u00e9taleront sur toute la p\u00e9riode estivale\u00bb, a tenu \u00e0 pr\u00e9ciser M.\u2008Hemmal. Par ailleurs, des dizaines d\u2019agents de la Protection civile et des services des for\u00eats, ainsi que des Scouts musulmans et des associations ont pris part samedi \u00e0 une vaste op\u00e9ration de nettoyage des cimeti\u00e8res de chouhada, ainsi que des sites comm\u00e9moratifs \u00e0 travers le territoire de la wilaya de Bouira. Cette campagne a \u00e9t\u00e9 lanc\u00e9e dans la matin\u00e9e par le premier magistrat de la wilaya, en pr\u00e9sence des autres responsables civiles et militaires de la wilaya. \u00abCe programme touche tous les cimeti\u00e8res de chouhada de la wilaya et il s\u2019\u00e9tale jusqu\u2019au 5 juillet\u00bb, a expliqu\u00e9 \u00e0 l\u2019APS le pr\u00e9sident de la mouhafada des Scouts musulmans alg\u00e9riens (SMA) de Bouira. Il faut dire que la bonne intention des b\u00e9n\u00e9voles et des associations est l\u00e0, elle a toujours \u00e9t\u00e9 l\u00e0, les endroits touristiques telles les plages serait nettoyer avec soin, l\u2019engouement, l\u2019ambiance saine et conviviale aussi sont pr\u00e9sents, mais\u2026 Sont-elles efficaces \u00e0 la longue ces campagnes de nettoyage par les citoyens ?\u00a0<\/p>\n<p>Apr\u00e8s le passage des jeunes volontaires\u00a0 d\u2019une journ\u00e9e,\u00a0 la plage serait encore livrer \u00e0 elle-m\u00eame, on n\u2019arrive pas \u00e0 dissuader les salisseurs, ils continueraient \u00e0\u00a0 polluer.\u00a0<\/p>\n<p>Donc le probl\u00e8me persiste toujours.\u00a0<\/p>\n<p>Chaque ann\u00e9es plusieurs compagnes de ce genre y sont organis\u00e9es, mais en vain\u2026 Ce n\u2019est pas l\u2019intention de bien faire qui manquent\u2026 mais, peut-\u00eatre, c\u2019est cet inexplicable incivisme des gens\u00a0 qui s\u2019en foutent de la propret\u00e9 dehors\u2026 \u00c0 quand une prise de conscience citoyenne ?<\/p>\n<p>R. S.<\/p>\n<p>Auteur: elmoudjahid<br \/>\n<a href=\"http:\/\/www.elmoudjahid.com\/fr\/actualites\/138382\">Cliquez ici pour lire l&rsquo;article depuis sa source.<\/a><\/p>\n","protected":false},"excerpt":{"rendered":"<p>La pr\u00e9sence des d\u00e9chets sur les plages est un ph\u00e9nom\u00e8ne r\u00e9curent qui n\u2019\u00e9pargne aucune de nos c\u00f4tes. Depuis quelque temps, \u00e0 l\u2019approche de chaque saison estivale, des campagnes de sensibilisation sont lanc\u00e9es pour un nettoyage \u00e9cologique de ces espaces touristiques.\u00a0 Ainsi \u00e0 Bouira, plus de 100 jeunes issus de la wilaya ont pris part, le [&hellip;]<\/p>\n","protected":false},"author":1744,"featured_media":0,"comment_status":"closed","ping_status":"closed","sticky":false,"template":"","format":"standard","meta":{"fifu_image_url":"","fifu_image_alt":"","footnotes":""},"categories":[73,53],"tags":[],"class_list":["post-42051","post","type-post","status-publish","format-standard","hentry","category-actualite","category-algerie"],"_links":{"self":[{"href":"https:\/\/linitiative.ca\/International\/wp-json\/wp\/v2\/posts\/42051","targetHints":{"allow":["GET"]}}],"collection":[{"href":"https:\/\/linitiative.ca\/International\/wp-json\/wp\/v2\/posts"}],"about":[{"href":"https:\/\/linitiative.ca\/International\/wp-json\/wp\/v2\/types\/post"}],"author":[{"embeddable":true,"href":"https:\/\/linitiative.ca\/International\/wp-json\/wp\/v2\/users\/1744"}],"replies":[{"embeddable":true,"href":"https:\/\/linitiative.ca\/International\/wp-json\/wp\/v2\/comments?post=42051"}],"version-history":[{"count":0,"href":"https:\/\/linitiative.ca\/International\/wp-json\/wp\/v2\/posts\/42051\/revisions"}],"wp:attachment":[{"href":"https:\/\/linitiative.ca\/International\/wp-json\/wp\/v2\/media?parent=42051"}],"wp:term":[{"taxonomy":"category","embeddable":true,"href":"https:\/\/linitiative.ca\/International\/wp-json\/wp\/v2\/categories?post=42051"},{"taxonomy":"post_tag","embeddable":true,"href":"https:\/\/linitiative.ca\/International\/wp-json\/wp\/v2\/tags?post=42051"}],"curies":[{"name":"wp","href":"https:\/\/api.w.org\/{rel}","templated":true}]}}