{"id":42054,"date":"2019-06-21T19:00:00","date_gmt":"2019-06-21T23:00:00","guid":{"rendered":"https:\/\/linitiative.ca\/International\/territoires-sahraouis-occupes-surveillance-accrue-des-droits-de-lhomme\/"},"modified":"2019-06-21T19:00:00","modified_gmt":"2019-06-21T23:00:00","slug":"territoires-sahraouis-occupes-surveillance-accrue-des-droits-de-lhomme","status":"publish","type":"post","link":"https:\/\/linitiative.ca\/International\/territoires-sahraouis-occupes-surveillance-accrue-des-droits-de-lhomme\/","title":{"rendered":"Territoires sahraouis occup\u00e9s :  surveillance accrue des droits de l\u2019Homme"},"content":{"rendered":"<p>Les participants \u00e0 la 38e session ordinaire du Comit\u00e9 des repr\u00e9sentants permanents (COREP) de l&rsquo;Union africaine (UA), qui se tient \u00e0 la capitale \u00e9thiopienne Addis-Abeba, ont appel\u00e9 \u00e0 la mise en \u0153uvre des r\u00e9solutions du Conseil ex\u00e9cutif relatives au parach\u00e8vement de ses missions inh\u00e9rentes \u00e0 la surveillance de la situation des droits de l&rsquo;homme dans les territoires occup\u00e9s de la R\u00e9publique arabe sahraouie d\u00e9mocratique (RASD).\u00a0<\/p>\n<p>Selon l&rsquo;Agence de presse sahraouie (SPS), cet appel a \u00e9t\u00e9 lanc\u00e9 lors des r\u00e9unions de la 38e session ordinaire du COREP de l&rsquo;UA, pr\u00e9paratoires \u00e0 la 35e session ordinaire du Conseil des ministres des Affaires \u00e9trang\u00e8res des Etats de l&rsquo;UA et \u00e0 la 12e session ordinaire de la Conf\u00e9rence des chefs d\u2019Etat et de gouvernement de l\u2019UA, pr\u00e9vues du 4 au 7 juillet 2019 \u00e0 la capitale nig\u00e9rienne Niamey. Lors du d\u00e9bat du rapport de la Commission africaine des droits de l&rsquo;homme et des peuples (CADHP), cette derni\u00e8re a r\u00e9it\u00e9r\u00e9 son appel \u00e0 la mise en \u0153uvre des r\u00e9solutions du Conseil ex\u00e9cutif relatives au parach\u00e8vement de ses missions inh\u00e9rentes \u00e0 la visite des territoires occup\u00e9s de la RASD et \u00e0 la surveillance de la situation des droits de l&rsquo;homme. La premi\u00e8re partie de la visite aux camps des r\u00e9fugi\u00e9s sahraouis et aux territoires lib\u00e9r\u00e9s effectu\u00e9e en 2012 a \u00e9t\u00e9 salu\u00e9e par la CADHP, tandis que la deuxi\u00e8me partie de cette visite a \u00e9t\u00e9 interrompue la m\u00eame ann\u00e9e, en raison des obstacles dress\u00e9s par le Maroc. L&rsquo;ambassadeur sahraoui en Ethiopie et repr\u00e9sentant permanent aupr\u00e8s de l&rsquo;UA, Lamine Baali, a \u00e9voqu\u00e9 \u00ab\u00a0la situation des droits de l&rsquo;homme dans les territoires occup\u00e9s de la RASD et les graves violations commises par le Maroc en permanence contre les citoyens sahraouis\u00a0\u00bb, mettant en garde contre \u00ab\u00a0la gravit\u00e9 de ces d\u00e9passements\u00a0\u00bb, en d\u00e9pit des appels lanc\u00e9s, \u00e0 maintes reprises, par les autorit\u00e9s sahraouies et les organisations et instances de protection des droits de l&rsquo;homme. L&rsquo;ambassadeur sahraoui a r\u00e9it\u00e9r\u00e9 la demande du gouvernement de la RASD pour \u00ab\u00a0la mise en \u0153uvre de la d\u00e9cision du Conseil ex\u00e9cutif de 2017 relative au parach\u00e8vement des missions de la CADHP dont la visite des territoires occup\u00e9s et l&rsquo;\u00e9laboration de rapports sur la situation des droits de l&rsquo;homme\u00a0\u00bb, rappelant le statut politique et juridique de la r\u00e9gion, \u00e9tant un territoire toujours sous occupation. La gravit\u00e9 des violations des droits de l&rsquo;homme dans ce territoire occup\u00e9 a atteint des niveaux \u00ab\u00a0alarmants\u00a0\u00bb, d&rsquo;autant que des rapports d&rsquo;ONG, des observateurs et des t\u00e9moins oculaires ont fait \u00e9tat de cas de torture et de maltraitance, enregistr\u00e9s, notamment lors des \u00e9v\u00e8nements survenus, quelques semaines avant, dans la ville occup\u00e9e de Smara, a-t-il d\u00e9plor\u00e9, qualifiant le jugement de militants civils sahraouis par des tribunaux militaires de \u00ab\u00a0violation flagrante des droits de l&rsquo;homme\u00a0\u00bb. Par ailleurs, les tentatives de la d\u00e9l\u00e9gation marocaine de d\u00e9former et de r\u00e9interpr\u00e9ter le rapport de la CADHP ont toutes \u00e9t\u00e9 vou\u00e9es \u00e0 l&rsquo;\u00e9chec, d&rsquo;autant que ce rapport d\u00e9nonce les violations dans les territoires sahraouis occup\u00e9s par le Maroc.\u00a0<\/p>\n<p><strong>Des eurod\u00e9put\u00e9s interpellent le Maroc<\/strong><\/p>\n<p>Des eurod\u00e9put\u00e9s ont interpell\u00e9 le ministre marocain des Affaires \u00e9trang\u00e8res, Nasser Bourita, sur la situation \u00ab\u00a0pr\u00e9occupante\u00a0\u00bb des d\u00e9fenseurs sahraouis des droits de l&rsquo;homme d\u00e9tenus dans des prisons marocaines, appelant \u00e0 l&rsquo;abandon imm\u00e9diat des charges retenues contre ces militants politiques. Dans une lettre adress\u00e9e au chef de la diplomatie marocaine, sign\u00e9e par treize parlementaires, dont Florent Marcellesi, Ana Maria Gomes, Ivo Vajgl, Miguel Urban Crespo et Ana Miranda, les eurod\u00e9put\u00e9s ont exprim\u00e9 leur \u00ab\u00a0vive pr\u00e9occupation\u00a0\u00bb quant aux sorts de trois militants sahraouis des droits de l&rsquo;homme d\u00e9tenus dans des prisons marocaines. Il s&rsquo;agit d&rsquo;Ali Salem Boujama Saadouni, de Brahim Dihani et Naziha El Khalidi, militants au sein de l&rsquo;Association sahraouie des victimes des violations graves des droits de l&rsquo;homme (ASVDH). \u00ab\u00a0Des organisations internationales de d\u00e9fense des droits de l&rsquo;homme nous ont inform\u00e9s que des d\u00e9fenseurs sahraouis des droits humains et des associations au Sahara occidental ont \u00e9t\u00e9 de plus en plus cibl\u00e9s par les autorit\u00e9s marocaines au cours des derniers mois\u00a0\u00bb, ont \u00e9crit les eurod\u00e9put\u00e9s. Dans ce contexte, ils ont \u00e9voqu\u00e9 en particulier la condamnation du d\u00e9fenseur des droits humains, Ali Salem Boujama Saadouni, en mai 2019, \u00e0 sept mois de prison et \u00e0 une lourde amende en raison de ses activit\u00e9s de d\u00e9fense des droits de l&rsquo;homme au Sahara occidental occup\u00e9. Le cas de Brahim Dihani, \u00e9galement d\u00e9fenseur des droits de l&rsquo;homme et membre de l&rsquo;ASVDH, a \u00e9t\u00e9 cit\u00e9 dans la missive des \u00e9lus europ\u00e9ens, pr\u00e9cisant que le militant sahraoui, arr\u00eat\u00e9 le 18 d\u00e9cembre 2018 par les autorit\u00e9s marocaines, avait \u00e9t\u00e9 accus\u00e9 d'\u00a0\u00bbentrave \u00e0 la vie priv\u00e9e\u00a0\u00bb juste pour avoir document\u00e9 sur les manifestations pacifiques dans la ville de La\u00e2youne occup\u00e9e. Le 6 f\u00e9vrier 2019, la chambre correctionnelle du tribunal de premi\u00e8re instance de La\u00e2youne occup\u00e9e a acquitt\u00e9 Brahim Dihani et a abandonn\u00e9 toutes charges qui pesaient contre lui. La cour avait ordonn\u00e9 aussi la restitution des appareils photos de l&rsquo;ASVDH qui avaient \u00e9t\u00e9 saisis. Mais, le procureur a fait appel de l&rsquo;acquittement le 30 mai 2019 et Brahim Dihani a re\u00e7u une nouvelle citation \u00e0 comparaitre devant la cour d&rsquo;appel de La\u00e2youne le 20 juin.\u00a0<\/p>\n<p><strong>Des militants vis\u00e9s pour avoir d\u00e9fendu des droits\u00a0<\/strong><\/p>\n<p><strong>de l\u2019homme<\/strong><\/p>\n<p>Quant \u00e0 la journaliste sahraouie Naziha El Khalidi, qui doit compara\u00eetre quant \u00e0 elle le 24 juin devant le tribunal, les parlementaires europ\u00e9ens ont d\u00e9nonc\u00e9 les conditions d&rsquo;arrestation de cette militante. Elle avait \u00e9t\u00e9 d\u00e9tenue, maltrait\u00e9e et battue par la police marocaine pour avoir film\u00e9 une manifestation pacifique des Sahraouis \u00e0 La\u00e2youne occup\u00e9e en d\u00e9cembre 2018, ont-ils relev\u00e9. Accus\u00e9e de \u00ab\u00a0revendiquer un titre prot\u00e9g\u00e9 par la loi\u00a0\u00bb et d&rsquo;avoir \u00ab\u00a0pr\u00e9tendu faussement \u00eatre une journaliste\u00a0\u00bb, elle encourt une condamnation entre 3 mois et 2 ans de prison. \u00ab\u00a0L&rsquo;accusation contre Naziha El Khalidi serait li\u00e9e en fait \u00e0 son travail au sein d&rsquo;Equip Media, qui enqu\u00eate sur les violations des droits de l&rsquo;homme commises par les autorit\u00e9s marocaines contre les Sahraouis\u00a0\u00bb, ont pr\u00e9cis\u00e9 les eurod\u00e9put\u00e9s.\u00a0<\/p>\n<p>Auteur: elmoudjahid<br \/>\n<a href=\"http:\/\/www.elmoudjahid.com\/fr\/actualites\/138385\">Cliquez ici pour lire l&rsquo;article depuis sa source.<\/a><\/p>\n","protected":false},"excerpt":{"rendered":"<p>Les participants \u00e0 la 38e session ordinaire du Comit\u00e9 des repr\u00e9sentants permanents (COREP) de l&rsquo;Union africaine (UA), qui se tient \u00e0 la capitale \u00e9thiopienne Addis-Abeba, ont appel\u00e9 \u00e0 la mise en \u0153uvre des r\u00e9solutions du Conseil ex\u00e9cutif relatives au parach\u00e8vement de ses missions inh\u00e9rentes \u00e0 la surveillance de la situation des droits de l&rsquo;homme dans [&hellip;]<\/p>\n","protected":false},"author":1744,"featured_media":0,"comment_status":"closed","ping_status":"closed","sticky":false,"template":"","format":"standard","meta":{"fifu_image_url":"","fifu_image_alt":"","footnotes":""},"categories":[73,53],"tags":[],"class_list":["post-42054","post","type-post","status-publish","format-standard","hentry","category-actualite","category-algerie"],"_links":{"self":[{"href":"https:\/\/linitiative.ca\/International\/wp-json\/wp\/v2\/posts\/42054","targetHints":{"allow":["GET"]}}],"collection":[{"href":"https:\/\/linitiative.ca\/International\/wp-json\/wp\/v2\/posts"}],"about":[{"href":"https:\/\/linitiative.ca\/International\/wp-json\/wp\/v2\/types\/post"}],"author":[{"embeddable":true,"href":"https:\/\/linitiative.ca\/International\/wp-json\/wp\/v2\/users\/1744"}],"replies":[{"embeddable":true,"href":"https:\/\/linitiative.ca\/International\/wp-json\/wp\/v2\/comments?post=42054"}],"version-history":[{"count":0,"href":"https:\/\/linitiative.ca\/International\/wp-json\/wp\/v2\/posts\/42054\/revisions"}],"wp:attachment":[{"href":"https:\/\/linitiative.ca\/International\/wp-json\/wp\/v2\/media?parent=42054"}],"wp:term":[{"taxonomy":"category","embeddable":true,"href":"https:\/\/linitiative.ca\/International\/wp-json\/wp\/v2\/categories?post=42054"},{"taxonomy":"post_tag","embeddable":true,"href":"https:\/\/linitiative.ca\/International\/wp-json\/wp\/v2\/tags?post=42054"}],"curies":[{"name":"wp","href":"https:\/\/api.w.org\/{rel}","templated":true}]}}