{"id":42055,"date":"2019-06-21T19:00:00","date_gmt":"2019-06-21T23:00:00","guid":{"rendered":"https:\/\/linitiative.ca\/International\/grand-angle-appel-de-detresse\/"},"modified":"2019-06-21T19:00:00","modified_gmt":"2019-06-21T23:00:00","slug":"grand-angle-appel-de-detresse","status":"publish","type":"post","link":"https:\/\/linitiative.ca\/International\/grand-angle-appel-de-detresse\/","title":{"rendered":"GRAND ANGLE : Appel de d\u00e9tresse"},"content":{"rendered":"<p>Le terrorisme ne cesse de gagner du terrain en Afrique o\u00f9 la lutte contre ce fl\u00e9au s\u2019av\u00e8re inefficace, en d\u00e9pit des efforts consentis en vue de l\u2019endiguer. Le constat dress\u00e9 est sans \u00e9quivoque. \u00abLa Minusma (Mission int\u00e9gr\u00e9e des Nations unies pour la stabilisation pour le Mali) et le G5 Sahel ne suffisent pas. Nous devons trouver des moyens de coordination plus \u00e9largis et plus efficaces pour aider ces pays voisins (Mali, Burkina, Niger) \u00e0 combattre le terrorisme\u00bb, a affirm\u00e9 jeudi dernier le pr\u00e9sident ivoirien, Ouattara, apr\u00e8s avoir rencontr\u00e9 son homologue s\u00e9n\u00e9galais, Sall. Devant cette ins\u00e9curit\u00e9 grandissante et les dangers qu\u2019elle pr\u00e9sente, le pr\u00e9sident burkinab\u00e8, Kabor\u00e9, a sollicit\u00e9 \u00abla contribution ferme et engag\u00e9e de la communaut\u00e9 internationale et de tous les hommes \u00e9pris de paix, de justice et d&rsquo;\u00e9quit\u00e9\u00bb, car a-t-il dit \u00abc&rsquo;est ensemble que nous viendrons \u00e0 bout du p\u00e9ril terroriste\u00bb. Pour sa part, le pr\u00e9sident s\u00e9n\u00e9galais a estim\u00e9 qu&rsquo;il fallait \u00abd\u00e9velopper des solidarit\u00e9s, mais \u00e9galement des synergies en mati\u00e8re de renseignements et de coop\u00e9ration s\u00e9curitaire\u00bb entre les pays dans un \u00abcontexte marqu\u00e9 par l&rsquo;ins\u00e9curit\u00e9 et la pr\u00e9sence grandissante de forces du mal\u00bb. Ces d\u00e9clarations, tenues le m\u00eame jour, sont \u00e0 la fois un aveu d\u2019impuissance et un appel de d\u00e9tresse en direction de la communaut\u00e9 internationale. Elles d\u00e9notent aussi du d\u00e9sarroi dans lequel se trouvent les pays de l\u2019Afrique de l\u2019Ouest, d\u2019autant que la progression de ce fl\u00e9au auquel est confront\u00e9 un nombre croissant de pays africains est facilit\u00e9e par la combinaison de nouveaux facteurs que sont l\u2019internet et l\u2019int\u00e9ressement financier des jeunes rendus vuln\u00e9rables par la pauvret\u00e9 et l\u2019absence de perspectives socio-\u00e9conomiques dans des pays aux richesses qui profitent aux autres. Que faire d\u00e8s lors ? Ce qui est s\u00fbr c\u2019est que l\u2019Afrique ne peut rester les bras crois\u00e9s et accepter d\u2019\u00eatre livr\u00e9e aux organisations qui veulent faire du continent noir leur sanctuaire pour se livrer en toute impunit\u00e9 \u00e0 leurs activit\u00e9s criminelles. D\u2019o\u00f9 aussi ces appels lanc\u00e9s par les trois pr\u00e9sidents africains.\u00a0<\/p>\n<p>En fait, le salut r\u00e9side dans l\u2019indispensable mobilisation au plan national et le d\u00e9veloppement d\u2019une coop\u00e9ration bilat\u00e9rale r\u00e9gionale et internationale. C\u2019est la condition sine qua non pour que ces pays en danger soient \u00e0 m\u00eame de relever les d\u00e9fis de s\u00e9curit\u00e9 aux fronti\u00e8res auxquels ils font face. Cela est d\u2019autant plus n\u00e9cessaire que le continent africain se caract\u00e9rise par des fronti\u00e8res vastes et poreuses, une grande circulation transfrontali\u00e8re habituelle de personnes et de faibles capacit\u00e9s institutionnelles.\u00a0<\/p>\n<p><strong>Nadia K.<\/strong><\/p>\n<p>Auteur: elmoudjahid<br \/>\n<a href=\"http:\/\/www.elmoudjahid.com\/fr\/actualites\/138386\">Cliquez ici pour lire l&rsquo;article depuis sa source.<\/a><\/p>\n","protected":false},"excerpt":{"rendered":"<p>Le terrorisme ne cesse de gagner du terrain en Afrique o\u00f9 la lutte contre ce fl\u00e9au s\u2019av\u00e8re inefficace, en d\u00e9pit des efforts consentis en vue de l\u2019endiguer. Le constat dress\u00e9 est sans \u00e9quivoque. \u00abLa Minusma (Mission int\u00e9gr\u00e9e des Nations unies pour la stabilisation pour le Mali) et le G5 Sahel ne suffisent pas. Nous devons [&hellip;]<\/p>\n","protected":false},"author":1744,"featured_media":0,"comment_status":"closed","ping_status":"closed","sticky":false,"template":"","format":"standard","meta":{"fifu_image_url":"","fifu_image_alt":"","footnotes":""},"categories":[73,53],"tags":[],"class_list":["post-42055","post","type-post","status-publish","format-standard","hentry","category-actualite","category-algerie"],"_links":{"self":[{"href":"https:\/\/linitiative.ca\/International\/wp-json\/wp\/v2\/posts\/42055","targetHints":{"allow":["GET"]}}],"collection":[{"href":"https:\/\/linitiative.ca\/International\/wp-json\/wp\/v2\/posts"}],"about":[{"href":"https:\/\/linitiative.ca\/International\/wp-json\/wp\/v2\/types\/post"}],"author":[{"embeddable":true,"href":"https:\/\/linitiative.ca\/International\/wp-json\/wp\/v2\/users\/1744"}],"replies":[{"embeddable":true,"href":"https:\/\/linitiative.ca\/International\/wp-json\/wp\/v2\/comments?post=42055"}],"version-history":[{"count":0,"href":"https:\/\/linitiative.ca\/International\/wp-json\/wp\/v2\/posts\/42055\/revisions"}],"wp:attachment":[{"href":"https:\/\/linitiative.ca\/International\/wp-json\/wp\/v2\/media?parent=42055"}],"wp:term":[{"taxonomy":"category","embeddable":true,"href":"https:\/\/linitiative.ca\/International\/wp-json\/wp\/v2\/categories?post=42055"},{"taxonomy":"post_tag","embeddable":true,"href":"https:\/\/linitiative.ca\/International\/wp-json\/wp\/v2\/tags?post=42055"}],"curies":[{"name":"wp","href":"https:\/\/api.w.org\/{rel}","templated":true}]}}