{"id":42056,"date":"2019-06-21T19:00:00","date_gmt":"2019-06-21T23:00:00","guid":{"rendered":"https:\/\/linitiative.ca\/International\/developpement-dune-culture-environnementale\/"},"modified":"2019-06-21T19:00:00","modified_gmt":"2019-06-21T23:00:00","slug":"developpement-dune-culture-environnementale","status":"publish","type":"post","link":"https:\/\/linitiative.ca\/International\/developpement-dune-culture-environnementale\/","title":{"rendered":"D\u00c9VELOPPEMENT D\u2019UNE CULTURE ENVIRONNEMENTALE"},"content":{"rendered":"<p>Un vaste programme de formation sur l\u2019environnement sera lanc\u00e9 demain au profit de 720 journalistes de m\u00e9dias nationaux et correspondants locaux, tous supports confondus, a indiqu\u00e9 jeudi le minist\u00e8re de la Communication.\u00a0<\/p>\n<div readability=\"50\">\n<p>Initi\u00e9 par le minist\u00e8re de la Communication et le minist\u00e8re de l\u2019Environnement et des Energies renouvelables, ce programme entre dans le cadre de la Convention de partenariat sign\u00e9e entre les deux d\u00e9partements minist\u00e9riels, le 7 mars dernier.<\/p>\n<p>\u00a0La c\u00e9r\u00e9monie officielle de lancement de ce programme, qui aura lieu au Centre international des Conf\u00e9rences Abdellatif-Rahal, sera copr\u00e9sid\u00e9e par la ministre de l\u2019Environnement et des Energies Renouvelables, Fatma-Zohra Zerouati, et le ministre de la Communication, porte-parole du gouvernement, Hassane Rabehi. \u00abL\u2019objectif principal de ce programme est de permettre aux journalistes d\u2019acqu\u00e9rir et\/ou d\u2019approfondir leurs connaissances sur la pr\u00e9servation de l\u2019environnement et le d\u00e9veloppement durable et partant, de leur permettre de contribuer \u00e0 l\u2019instauration d\u2019une culture environnementale \u00e0 travers la sensibilisation \u00e0 la protection de l\u2019environnement\u00bb. Les premi\u00e8res sessions de ce programme d\u00e9buteront simultan\u00e9ment \u00e0 Alger, Tipasa, Boumerd\u00e8s, Blida, Oran, Mostaganem et Sidi Bel Abbes, le 23 juin, pour une dur\u00e9e de dix jours, et se poursuivront tout au long de l\u2019ann\u00e9e.\u00a0<\/p>\n<p>Les cinq th\u00e8mes retenus pour cette premi\u00e8re phase ont trait \u00e0 la conservation de la biodiversit\u00e9, la gestion int\u00e9gr\u00e9e des d\u00e9chets, l\u2019\u00e9conomie verte et les \u00e9nergies renouvelables, l\u2019\u00e9ducation environnementale pour un d\u00e9veloppement durable et la production propre et la consommation durable.<\/p>\n<p>\u00a0Cette formation sera encadr\u00e9e par le Conservatoire national des formations \u00e0 l\u2019environnement sous tutelle du minist\u00e8re de l\u2019Environnement et des Energies renouvelables et dispens\u00e9e par des experts sp\u00e9cialis\u00e9s.<\/p>\n<p>\u00a0Les formations r\u00e9alis\u00e9es devraient permettre \u00e0 terme, \u00abla constitution d\u2019un vivier de journalistes sp\u00e9cialis\u00e9s en environnement, en vue de la cr\u00e9ation d\u2019une plateforme de communication d\u00e9di\u00e9e \u00e0 cette th\u00e9matique\u00bb, a pr\u00e9cis\u00e9 la m\u00eame source.\u00a0\u00a0<\/p>\n<\/div>\n<p>Auteur: elmoudjahid<br \/>\n<a href=\"http:\/\/www.elmoudjahid.com\/fr\/actualites\/138387\">Cliquez ici pour lire l&rsquo;article depuis sa source.<\/a><\/p>\n","protected":false},"excerpt":{"rendered":"<p>Un vaste programme de formation sur l\u2019environnement sera lanc\u00e9 demain au profit de 720 journalistes de m\u00e9dias nationaux et correspondants locaux, tous supports confondus, a indiqu\u00e9 jeudi le minist\u00e8re de la Communication.\u00a0 Initi\u00e9 par le minist\u00e8re de la Communication et le minist\u00e8re de l\u2019Environnement et des Energies renouvelables, ce programme entre dans le cadre de [&hellip;]<\/p>\n","protected":false},"author":1744,"featured_media":0,"comment_status":"closed","ping_status":"closed","sticky":false,"template":"","format":"standard","meta":{"fifu_image_url":"","fifu_image_alt":"","footnotes":""},"categories":[73,53],"tags":[],"class_list":["post-42056","post","type-post","status-publish","format-standard","hentry","category-actualite","category-algerie"],"_links":{"self":[{"href":"https:\/\/linitiative.ca\/International\/wp-json\/wp\/v2\/posts\/42056","targetHints":{"allow":["GET"]}}],"collection":[{"href":"https:\/\/linitiative.ca\/International\/wp-json\/wp\/v2\/posts"}],"about":[{"href":"https:\/\/linitiative.ca\/International\/wp-json\/wp\/v2\/types\/post"}],"author":[{"embeddable":true,"href":"https:\/\/linitiative.ca\/International\/wp-json\/wp\/v2\/users\/1744"}],"replies":[{"embeddable":true,"href":"https:\/\/linitiative.ca\/International\/wp-json\/wp\/v2\/comments?post=42056"}],"version-history":[{"count":0,"href":"https:\/\/linitiative.ca\/International\/wp-json\/wp\/v2\/posts\/42056\/revisions"}],"wp:attachment":[{"href":"https:\/\/linitiative.ca\/International\/wp-json\/wp\/v2\/media?parent=42056"}],"wp:term":[{"taxonomy":"category","embeddable":true,"href":"https:\/\/linitiative.ca\/International\/wp-json\/wp\/v2\/categories?post=42056"},{"taxonomy":"post_tag","embeddable":true,"href":"https:\/\/linitiative.ca\/International\/wp-json\/wp\/v2\/tags?post=42056"}],"curies":[{"name":"wp","href":"https:\/\/api.w.org\/{rel}","templated":true}]}}