{"id":42057,"date":"2019-06-21T19:00:00","date_gmt":"2019-06-21T23:00:00","guid":{"rendered":"https:\/\/linitiative.ca\/International\/alger-prevention-des-risques-de-catastrophes-naturelles\/"},"modified":"2019-06-21T19:00:00","modified_gmt":"2019-06-21T23:00:00","slug":"alger-prevention-des-risques-de-catastrophes-naturelles","status":"publish","type":"post","link":"https:\/\/linitiative.ca\/International\/alger-prevention-des-risques-de-catastrophes-naturelles\/","title":{"rendered":"Alger :  Pr\u00e9vention des risques de catastrophes naturelles"},"content":{"rendered":"<p>\u00a0Dans le cadre des activit\u00e9s de la troisi\u00e8me mission technique du bureau d\u2019\u00e9tudes \u2018\u2018EMI\u2019\u2019 (Earthquakes and Megacities Initiatives), en charge de la r\u00e9alisation du plan directeur de r\u00e9silience urbaine de la wilaya d\u2019Alger (PDRU), une s\u00e9ance pl\u00e9ni\u00e8re a \u00e9t\u00e9 organis\u00e9e, avant-hier, et consacr\u00e9e \u00e0 la\u00a0 formation sur la r\u00e9silience urbaine au profit de plusieurs cadres acteurs de ce projet. \u00ab Le projet vise \u00e0 \u00e9laborer un plan multisectoriel qui engagera et guidera les institutions publiques et priv\u00e9es ainsi que la wilaya d\u2019Alger dans un processus \u00e0 long terme, visant \u00e0 r\u00e9duire les risques des catastrophes naturelles et \u00e0 renforcer la r\u00e9silience \u00bb, a d\u00e9clar\u00e9 \u00e0 cette occasion le directeur de l\u2019EMI. Pas moins de 190 participants ont\u00a0 assist\u00e9 \u00e0 cette troisi\u00e8me mission technique qui s\u2019\u00e9talera jusqu\u2019au 27 juin. \u00ab La formation portera essentiellement sur les principes fondamentaux de la pratique de r\u00e9silience urbaine \u00bb, a affirm\u00e9 Fouad Bendimerad.<\/p>\n<p>Le chef de projet du PDRU vise \u00e0 \u00ab d\u00e9velopper \u00bb la r\u00e9silience d\u2019Alger et sa capacit\u00e9 de \u00ab r\u00e9duire \u00bb l\u2019impact d\u2019une catastrophe, \u00e0 la fois sur les vies humaines et sur les biens. Premier du genre en Alg\u00e9rie,\u00a0 ce projet ne vise pas seulement en cas de catastrophes (s\u00e9ismes, inondations, glissements de terrain,\u2026) la r\u00e9duction des pertes en vies humaines mais aussi \u00e0 pouvoir r\u00e9tablir \u00ab rapidement \u00bb toutes les fonctions permettant la \u00ab continuit\u00e9 \u00bb des activit\u00e9s de l\u2019Etat.<\/p>\n<p>Pour rappel, la premi\u00e8re phase du projet a \u00e9t\u00e9 d\u00e9j\u00e0 accomplie et consistant en l\u2019organisation du projet. Pour sa mise en \u0153uvre, une c\u00e9r\u00e9monie de lancement du PDRU a \u00e9t\u00e9 effectu\u00e9e, il y a une ann\u00e9e, en pr\u00e9sence des diff\u00e9rentes institutions de l\u2019Etat, les parties prenantes et le consortium scientifique et \u00e0 laquelle 161 personnes ont assist\u00e9. Dans le cadre de la premi\u00e8re phase, plusieurs arr\u00eat\u00e9s ont \u00e9t\u00e9 \u00e9tablis portant l\u2019organisation du projet. Pour ce qui concerne la deuxi\u00e8me phase ou la 2e mission technique de l\u2019 \u00ab EMI \u00bb, qui s\u2019est d\u00e9roul\u00e9e en octobre dernier, elle \u00e9tait ax\u00e9e sur l\u2019organisation de r\u00e9unions de concertation au niveau des institutions de l\u2019Etat et des directions techniques, et la pr\u00e9paration des Ateliers de travail. Une s\u00e9rie de pr\u00e9sentations et de d\u00e9monstrations ont \u00e9t\u00e9 d\u2019ailleurs effectu\u00e9es pour d\u00e9velopper le contexte et les param\u00e8tres de travail du groupe. \u00ab En vue d\u2019assurer la p\u00e9rennit\u00e9 de ce projet qui durera deux ann\u00e9es, les sp\u00e9cialistes alg\u00e9riens d\u2019EMI travailleront en \u00e9troite collaboration avec les experts alg\u00e9riens des diff\u00e9rentes institutions nationales \u00bb, a expliqu\u00e9 Bendimerad.\u00a0<\/p>\n<p>De ce fait, le PDRU fournira \u00e0 la wilaya d\u2019Alger une vision commune d\u2019une ville r\u00e9siliente, une feuille de route \u00ab r\u00e9aliste \u00bb pour la prise de d\u00e9cisions et la conduite des actions \u00e0 moyen et long termes visant \u00e0 \u00ab r\u00e9duire \u00bb les risques ainsi que les m\u00e9canismes de programmation budg\u00e9taires des projets de r\u00e9duction de risques, a \u00e9galement pr\u00e9cis\u00e9 l\u2019expert.<\/p>\n<p>Il y a lieu de dire que ce \u00abplan pr\u00e9ventif\u00bb permet aux autorit\u00e9s d\u2019identifier les \u00abpoints noirs\u00bb pouvant \u00eatre affect\u00e9s par des changements climatiques dans la capitale. A ce propos, des \u00e9tudes pour la collecte ont d\u2019ores et d\u00e9j\u00e0 \u00e9t\u00e9 entam\u00e9es, permettant aux autorit\u00e9s concern\u00e9es de traiter les probl\u00e8mes constat\u00e9s en temps \u00abr\u00e9el\u00bb.<\/p>\n<p><strong>Sarah A. Benali Cherif\u00a0<\/strong><\/p>\n<p>Auteur: elmoudjahid<br \/>\n<a href=\"http:\/\/www.elmoudjahid.com\/fr\/actualites\/138388\">Cliquez ici pour lire l&rsquo;article depuis sa source.<\/a><\/p>\n","protected":false},"excerpt":{"rendered":"<p>\u00a0Dans le cadre des activit\u00e9s de la troisi\u00e8me mission technique du bureau d\u2019\u00e9tudes \u2018\u2018EMI\u2019\u2019 (Earthquakes and Megacities Initiatives), en charge de la r\u00e9alisation du plan directeur de r\u00e9silience urbaine de la wilaya d\u2019Alger (PDRU), une s\u00e9ance pl\u00e9ni\u00e8re a \u00e9t\u00e9 organis\u00e9e, avant-hier, et consacr\u00e9e \u00e0 la\u00a0 formation sur la r\u00e9silience urbaine au profit de plusieurs cadres [&hellip;]<\/p>\n","protected":false},"author":1744,"featured_media":0,"comment_status":"closed","ping_status":"closed","sticky":false,"template":"","format":"standard","meta":{"fifu_image_url":"","fifu_image_alt":"","footnotes":""},"categories":[73,53],"tags":[],"class_list":["post-42057","post","type-post","status-publish","format-standard","hentry","category-actualite","category-algerie"],"_links":{"self":[{"href":"https:\/\/linitiative.ca\/International\/wp-json\/wp\/v2\/posts\/42057","targetHints":{"allow":["GET"]}}],"collection":[{"href":"https:\/\/linitiative.ca\/International\/wp-json\/wp\/v2\/posts"}],"about":[{"href":"https:\/\/linitiative.ca\/International\/wp-json\/wp\/v2\/types\/post"}],"author":[{"embeddable":true,"href":"https:\/\/linitiative.ca\/International\/wp-json\/wp\/v2\/users\/1744"}],"replies":[{"embeddable":true,"href":"https:\/\/linitiative.ca\/International\/wp-json\/wp\/v2\/comments?post=42057"}],"version-history":[{"count":0,"href":"https:\/\/linitiative.ca\/International\/wp-json\/wp\/v2\/posts\/42057\/revisions"}],"wp:attachment":[{"href":"https:\/\/linitiative.ca\/International\/wp-json\/wp\/v2\/media?parent=42057"}],"wp:term":[{"taxonomy":"category","embeddable":true,"href":"https:\/\/linitiative.ca\/International\/wp-json\/wp\/v2\/categories?post=42057"},{"taxonomy":"post_tag","embeddable":true,"href":"https:\/\/linitiative.ca\/International\/wp-json\/wp\/v2\/tags?post=42057"}],"curies":[{"name":"wp","href":"https:\/\/api.w.org\/{rel}","templated":true}]}}