{"id":42063,"date":"2019-06-22T11:46:15","date_gmt":"2019-06-22T15:46:15","guid":{"rendered":"https:\/\/linitiative.ca\/International\/90972-mahrez-nous-sommes-prets-pour-la-can\/"},"modified":"2019-06-22T11:46:15","modified_gmt":"2019-06-22T15:46:15","slug":"90972-mahrez-nous-sommes-prets-pour-la-can","status":"publish","type":"post","link":"https:\/\/linitiative.ca\/International\/90972-mahrez-nous-sommes-prets-pour-la-can\/","title":{"rendered":"Mahrez : \u00ab\u00a0Nous sommes pr\u00eats pour la CAN\u00a0\u00bb"},"content":{"rendered":"<div>\n<div class=\"K2FeedImage\"><img decoding=\"async\" src=\"http:\/\/www.aps.dz\/media\/k2\/items\/cache\/e19d70aa94901021e36e92f72c59e9ea_S.jpg\" alt=\"Mahrez : \" nous sommes pr pour la can><\/div>\n<div class=\"K2FeedIntroText\">\n<p><strong>LE CAIRE &#8211; Le nouveau capitaine de la s\u00e9lection alg\u00e9rienne de football, Riyad Mahrez, a affirm\u00e9 samedi que les \u00ab\u00a0Verts\u00a0\u00bb \u00e9taient fin pr\u00eats, \u00e0 la veille d\u2019affronter le Kenya dimanche au stade 30-Juin du Caire (21h00 alg\u00e9riennes), dans le cadre de la 1re journ\u00e9e (Gr. C) de la Coupe d\u2019Afrique des nations CAN-2019 (21 juin &#8211; 19 juillet).<\/strong><\/p>\n<\/div>\n<div class=\"K2FeedFullText\">\n<p>\u00ab\u00a0Nous n\u2019avons pas une id\u00e9e sur cette \u00e9quipe k\u00e9nyane, mais nous l\u2019avons regard\u00e9e jouer \u00e0 travers des vid\u00e9os. Nous sommes pr\u00eats pour ce match, nous allons tout donner pour l\u2019emporter et r\u00e9ussir nos d\u00e9buts dans le tournoi\u00a0\u00bb, a indiqu\u00e9 Mahrez en conf\u00e9rence de presse tenue au stade 30-Juin de la capitale \u00e9gyptienne.<\/p>\n<p>Outre le Kenya, l\u2019\u00e9quipe nationale, dont il s\u2019agit de la 18e participation \u00e0 la CAN, affrontera \u00e9galement le S\u00e9n\u00e9gal (27 juin) et la Tanzanie (1er juillet) dans le groupe C. Les deux premiers de chaque groupe ainsi que les quatre meilleurs troisi\u00e8mes se qualifieront pour les 1\/8 de finale de ce tournoi qui se jouera pour la premi\u00e8re fois en pr\u00e9sence de 24 nations.<\/p>\n<p>\u00ab\u00a0Nous ressentons une certaine pression, car nous repr\u00e9sentons tout un pays.<\/p>\n<p>Sur le plan personnel, je t\u00e2cherai d\u2019aider mon \u00e9quipe pour aller le plus loin possible dans cette CAN. Je suis au service du collectif\u00a0\u00bb, a ajout\u00e9 le soci\u00e9taire de Manchester City (Angleterre).<\/p>\n<p>Interrog\u00e9 sur son nouveau r\u00f4le de capitaine, Mahrez s\u2019est dit \u00ab\u00a0pr\u00eat\u00a0\u00bb \u00e0 assumer cette t\u00e2che :\u00a0 \u00ab\u00a0Je suis pr\u00eat \u00e0 assumer mon r\u00f4le de capitaine. Etre leader sur ou en dehors du terrain est une grosse responsabilit\u00e9, mais il y a d\u2019autres joueurs qui peuvent le faire aussi\u00a0\u00bb.<\/p>\n<p>Enfin, le Ballon d\u2019or africain 2016 a refus\u00e9 de verser dans l&rsquo;optimisme concernant l\u2019objectif de l\u2019Alg\u00e9rie dans cette 32e \u00e9dition de la CAN.<\/p>\n<p>\u00ab\u00a0Gagner le troph\u00e9e ? Le plus important est que nous nous sommes bien pr\u00e9par\u00e9s. Il faut passer d&rsquo;abord le premier tour, apr\u00e8s on verra bien\u00a0\u00bb, a-t-il conclu.<\/p>\n<\/div>\n<p><img loading=\"lazy\" decoding=\"async\" src=\"http:\/\/feeds.feedburner.com\/~r\/aps-sport\/~4\/VRfrkHFQj8s\" height=\"1\" width=\"1\" alt=\"\"><\/div>\n<p>Auteur:<br \/>\n<a href=\"http:\/\/www.aps.dz\/sport\/90972-mahrez-nous-sommes-prets-pour-la-can?utm_source=feedburner&#038;utm_medium=feed&#038;utm_campaign=Feed%3A+aps-sport+%28APS+-+SPORT%29\">Cliquez ici pour lire l&rsquo;article depuis sa source.<\/a><\/p>\n","protected":false},"excerpt":{"rendered":"<p>LE CAIRE &#8211; Le nouveau capitaine de la s\u00e9lection alg\u00e9rienne de football, Riyad Mahrez, a affirm\u00e9 samedi que les \u00ab\u00a0Verts\u00a0\u00bb \u00e9taient fin pr\u00eats, \u00e0 la veille d\u2019affronter le Kenya dimanche au stade 30-Juin du Caire (21h00 alg\u00e9riennes), dans le cadre de la 1re journ\u00e9e (Gr. C) de la Coupe d\u2019Afrique des nations CAN-2019 (21 juin [&hellip;]<\/p>\n","protected":false},"author":1790,"featured_media":42064,"comment_status":"closed","ping_status":"closed","sticky":false,"template":"","format":"standard","meta":{"fifu_image_url":"","fifu_image_alt":"","footnotes":""},"categories":[53,75],"tags":[],"class_list":["post-42063","post","type-post","status-publish","format-standard","has-post-thumbnail","hentry","category-algerie","category-sport"],"_links":{"self":[{"href":"https:\/\/linitiative.ca\/International\/wp-json\/wp\/v2\/posts\/42063","targetHints":{"allow":["GET"]}}],"collection":[{"href":"https:\/\/linitiative.ca\/International\/wp-json\/wp\/v2\/posts"}],"about":[{"href":"https:\/\/linitiative.ca\/International\/wp-json\/wp\/v2\/types\/post"}],"author":[{"embeddable":true,"href":"https:\/\/linitiative.ca\/International\/wp-json\/wp\/v2\/users\/1790"}],"replies":[{"embeddable":true,"href":"https:\/\/linitiative.ca\/International\/wp-json\/wp\/v2\/comments?post=42063"}],"version-history":[{"count":0,"href":"https:\/\/linitiative.ca\/International\/wp-json\/wp\/v2\/posts\/42063\/revisions"}],"wp:featuredmedia":[{"embeddable":true,"href":"https:\/\/linitiative.ca\/International\/wp-json\/"}],"wp:attachment":[{"href":"https:\/\/linitiative.ca\/International\/wp-json\/wp\/v2\/media?parent=42063"}],"wp:term":[{"taxonomy":"category","embeddable":true,"href":"https:\/\/linitiative.ca\/International\/wp-json\/wp\/v2\/categories?post=42063"},{"taxonomy":"post_tag","embeddable":true,"href":"https:\/\/linitiative.ca\/International\/wp-json\/wp\/v2\/tags?post=42063"}],"curies":[{"name":"wp","href":"https:\/\/api.w.org\/{rel}","templated":true}]}}