{"id":42065,"date":"2019-06-21T15:51:00","date_gmt":"2019-06-21T19:51:00","guid":{"rendered":"https:\/\/linitiative.ca\/International\/apres-son-retrait-de-la-centrale-syndicale-sidi-said-face-a-de-lourdes-accusations\/"},"modified":"2019-06-21T15:51:00","modified_gmt":"2019-06-21T19:51:00","slug":"apres-son-retrait-de-la-centrale-syndicale-sidi-said-face-a-de-lourdes-accusations","status":"publish","type":"post","link":"https:\/\/linitiative.ca\/International\/apres-son-retrait-de-la-centrale-syndicale-sidi-said-face-a-de-lourdes-accusations\/","title":{"rendered":"APRES SON RETRAIT DE LA CENTRALE SYNDICALE : Sidi Sa\u00efd face \u00e0 de lourdes accusations"},"content":{"rendered":"<p><br id=\"sep_para_1\" class=\"sep_para access\"\/><\/p>\n<div id=\"para_1\" class=\"para_31826339 resize\">\n<div class=\"photo shadow left\"><a href=\"javascript:void(0)\" rel=\"https:\/\/www.reflexiondz.net\/photo\/art\/grande\/34980203-31826339.jpg?v=1561150510&#038;ibox\" title=\"APRES SON RETRAIT DE LA CENTRALE SYNDICALE : Sidi Sa\u00efd face \u00e0 de lourdes accusations\"><img decoding=\"async\" class=\"responsive c9\" src=\"https:\/\/www.reflexiondz.net\/photo\/art\/grande\/34980203-31826339.jpg?v=1561150510\" alt=\"APRES SON RETRAIT DE LA CENTRALE SYNDICALE : Sidi Sa\u00efd face \u00e0 de lourdes accusations\" title=\"APRES SON RETRAIT DE LA CENTRALE SYNDICALE : Sidi Sa\u00efd face \u00e0 de lourdes accusations\"\/><img decoding=\"async\" class=\"not-responsive\" src=\"https:\/\/www.reflexiondz.net\/photo\/art\/default\/34980203-31826339.jpg?v=1561150512\" alt=\"APRES SON RETRAIT DE LA CENTRALE SYNDICALE : Sidi Sa\u00efd face \u00e0 de lourdes accusations\" title=\"APRES SON RETRAIT DE LA CENTRALE SYNDICALE : Sidi Sa\u00efd face \u00e0 de lourdes accusations\"\/><\/a><\/div>\n<div class=\"texte access firstletter\">En effet, son fils Ramine est propri\u00e9taire d\u2019une boite de production de produits audiovisuels, d\u00e9nomm\u00e9e \u2018\u2019All In Production\u2019\u2019. Lanc\u00e9e en 2013 cette entreprise a par l\u2019interm\u00e9diaire du d\u00e9fenseur des travailleurs\u00a0 d\u00e9croch\u00e9 des contrats juteux de spots publicitaires de plusieurs importantes marques comme Amor Benamor , LG Electronic et autres.\u00a0 Cette agence de Pub a r\u00e9alis\u00e9 un chiffre d\u2019affaires de 11,44 milliards de centimes en 2015. Son deuxi\u00e8me fils, Djamil, est \u00e0 la t\u00eate d\u2019une grande soci\u00e9t\u00e9 de recyclage d\u00e9nomm\u00e9e \u2018\u2019 Nephro Care\u2019\u2019 Situ\u00e9e \u00e0 Bordj El-Kiffan \u00e0 Alger. Ce dernier est propri\u00e9taire \u00e9galement d\u2019une agence de voyages et de tourisme bas\u00e9e \u00e0 Ben Aknoun, d\u00e9nomm\u00e9e GOFLY.<br \/>Le patron de l\u2019UGTA, est \u00e9galement au c\u0153ur des milieux d\u2019affaires en France. Selon la cha\u00eene El Djaza\u00efria One, il aurait n\u00e9goci\u00e9 au profit de Sonatrach le rachat d\u2019une raffinerie de Shell, sise en France,\u00a0 se trouvant dans un \u00e9tat de d\u00e9labrement avanc\u00e9. La transaction a \u00e9t\u00e9 avort\u00e9e gr\u00e2ce \u00e0 l\u2019intervention de l\u2019ancien ministre de l\u2019Energie, Salah Khebri, qui a d\u2019ailleurs \u00e9t\u00e9 \u00e9cart\u00e9 quelque temps apr\u00e8s. Des sources rapportent que le patron de l\u2019UGTA, poss\u00e8de plusieurs villas \u00e0 Paris, et qu\u2019il avait m\u00eame tent\u00e9 d&rsquo;acheter une grande usine fran\u00e7aise en millions d&rsquo;euros, ce qui d\u00e9montre que Sidi Sa\u00efd est assis sur une fortune colossale.<br \/>Sidi Sa\u00efd est \u00e9galement cit\u00e9 dans l\u2019affaire Khalifa banque \u00e0 propos des 10 milliards de dinars de pr\u00e9judice caus\u00e9 \u00e0 la CNAS. Lors du proc\u00e8s de Khalifa banque , l\u2019ancien directeur g\u00e9n\u00e9ral de la CNAS\u00a0 Abdelmajid Benacer, qui\u00a0 avait \u00e9t\u00e9 appel\u00e9 \u00e0 la barre pour s\u2019expliquer sur les placements effectu\u00e9s par l\u2019organisme aupr\u00e8s d\u2019El Khalifa Bank qui ont caus\u00e9 un\u00a0 pr\u00e9judice de10 milliards de DA \u00e0 la CNAS, avait d\u00e9clar\u00e9 qu\u2019il agissait selon les instructions du conseil d\u2019administration de l\u2019organisme dont le\u00a0 pr\u00e9sident de ce conseil n\u2019\u00e9tait autre que le patron de la Centrale syndicale , sidi Sa\u00efd, \u00e0 l\u2019\u00e9poque ou Abou Djera Soltani, \u00e9tait ministre de travail .\u00a0 \u00a0<br \/>Sidi Sa\u00efd se retire de la centrale syndicale, il a annonc\u00e9 son d\u00e9part, mieux tard que jamais. 21 ans \u00e0 la t\u00eate de l\u2019Ugta. Pour pr\u00e9server sa place \u00e0 la t\u00eate des \u2018\u2019Fakakirs\u2019\u2019 et pr\u00e9server ses privil\u00e8ges, il a jou\u00e9 tous les r\u00f4les, m\u00eame celui du diable, pour maintenir le syst\u00e8me des Boutefs.\u00a0 Il a mang\u00e9 \u00e0 tous les r\u00e2teliers, scand\u00e9 tous les mandats de Bouteflika, approuv\u00e9 le limogeage de Tebboune pour se jeter dans les bras de Haddad, il a empoisonn\u00e9 les travailleurs par les d\u00e9cisions de \u2018\u2019serrer la ceinture\u2019\u2019. Par son refus de quitter le bord, a transform\u00e9 l\u2019Alg\u00e9rie en espaces de revendications sociales graves par des contestations qui ont failli balancer le pays en un printemps arabe. Avec sa sourde oreille, il faisait semblant de ne pas entendre les voix du Hirak. Aujourd\u2019hui, il est sans casquette syndicale et l\u2019heure est venue pour lui de passer \u00e0 la caisse, payer les frais de ses 20 ans de dictatures et d\u2019enrichissement illicite. D\u2019ailleurs, le patron de la syndicale priv\u00e9e FCE, seul depuis des mois \u00e0 El Harrach, serait ravi de partager sa cellule avec le patron de la centrale syndicale publique pour le bonheur des travailleurs licenci\u00e9s.<br \/>\u00a0<\/div>\n<\/div>\n<p>Auteur: Riad<br \/>\n<a href=\"https:\/\/www.reflexiondz.net\/APRES-SON-RETRAIT-DE-LA-CENTRALE-SYNDICALE-Sidi-Said-face-a-de-lourdes-accusations_a56253.html\">Cliquez ici pour lire l&rsquo;article depuis sa source.<\/a><\/p>\n","protected":false},"excerpt":{"rendered":"<p>En effet, son fils Ramine est propri\u00e9taire d\u2019une boite de production de produits audiovisuels, d\u00e9nomm\u00e9e \u2018\u2019All In Production\u2019\u2019. Lanc\u00e9e en 2013 cette entreprise a par l\u2019interm\u00e9diaire du d\u00e9fenseur des travailleurs\u00a0 d\u00e9croch\u00e9 des contrats juteux de spots publicitaires de plusieurs importantes marques comme Amor Benamor , LG Electronic et autres.\u00a0 Cette agence de Pub a r\u00e9alis\u00e9 [&hellip;]<\/p>\n","protected":false},"author":1740,"featured_media":0,"comment_status":"closed","ping_status":"closed","sticky":false,"template":"","format":"standard","meta":{"fifu_image_url":"","fifu_image_alt":"","footnotes":""},"categories":[53,76],"tags":[],"class_list":["post-42065","post","type-post","status-publish","format-standard","hentry","category-algerie","category-regions"],"_links":{"self":[{"href":"https:\/\/linitiative.ca\/International\/wp-json\/wp\/v2\/posts\/42065","targetHints":{"allow":["GET"]}}],"collection":[{"href":"https:\/\/linitiative.ca\/International\/wp-json\/wp\/v2\/posts"}],"about":[{"href":"https:\/\/linitiative.ca\/International\/wp-json\/wp\/v2\/types\/post"}],"author":[{"embeddable":true,"href":"https:\/\/linitiative.ca\/International\/wp-json\/wp\/v2\/users\/1740"}],"replies":[{"embeddable":true,"href":"https:\/\/linitiative.ca\/International\/wp-json\/wp\/v2\/comments?post=42065"}],"version-history":[{"count":0,"href":"https:\/\/linitiative.ca\/International\/wp-json\/wp\/v2\/posts\/42065\/revisions"}],"wp:attachment":[{"href":"https:\/\/linitiative.ca\/International\/wp-json\/wp\/v2\/media?parent=42065"}],"wp:term":[{"taxonomy":"category","embeddable":true,"href":"https:\/\/linitiative.ca\/International\/wp-json\/wp\/v2\/categories?post=42065"},{"taxonomy":"post_tag","embeddable":true,"href":"https:\/\/linitiative.ca\/International\/wp-json\/wp\/v2\/tags?post=42065"}],"curies":[{"name":"wp","href":"https:\/\/api.w.org\/{rel}","templated":true}]}}