{"id":42068,"date":"2019-06-22T14:28:00","date_gmt":"2019-06-22T18:28:00","guid":{"rendered":"https:\/\/linitiative.ca\/International\/la-residence-detat-de-tlemcen-lex-ministre-abdelwahab-nouri-au-coeur-dun-scandale\/"},"modified":"2019-06-22T14:28:00","modified_gmt":"2019-06-22T18:28:00","slug":"la-residence-detat-de-tlemcen-lex-ministre-abdelwahab-nouri-au-coeur-dun-scandale","status":"publish","type":"post","link":"https:\/\/linitiative.ca\/International\/la-residence-detat-de-tlemcen-lex-ministre-abdelwahab-nouri-au-coeur-dun-scandale\/","title":{"rendered":"LA RESIDENCE D\u2019ETAT DE TLEMCEN : L\u2019ex-ministre Abdelwahab Nouri au c\u0153ur d\u2019un scandale"},"content":{"rendered":"<p><br id=\"sep_para_1\" class=\"sep_para access\"\/><\/p>\n<div id=\"para_1\" class=\"para_31835010 resize\">\n<div class=\"photo shadow left\"><a href=\"javascript:void(0)\" rel=\"https:\/\/www.reflexiondz.net\/photo\/art\/grande\/35001697-31835010.jpg?v=1561229801&#038;ibox\" title=\"LA RESIDENCE D\u2019ETAT DE TLEMCEN : L\u2019ex-ministre Abdelwahab Nouri au c\u0153ur d\u2019un scandale\"><img decoding=\"async\" class=\"responsive c9\" src=\"https:\/\/www.reflexiondz.net\/photo\/art\/grande\/35001697-31835010.jpg?v=1561229801\" alt=\"LA RESIDENCE D\u2019ETAT DE TLEMCEN : L\u2019ex-ministre Abdelwahab Nouri au c\u0153ur d\u2019un scandale\" title=\"LA RESIDENCE D\u2019ETAT DE TLEMCEN : L\u2019ex-ministre Abdelwahab Nouri au c\u0153ur d\u2019un scandale\"\/><img decoding=\"async\" class=\"not-responsive\" src=\"https:\/\/www.reflexiondz.net\/photo\/art\/default\/35001697-31835010.jpg?v=1561229803\" alt=\"LA RESIDENCE D\u2019ETAT DE TLEMCEN : L\u2019ex-ministre Abdelwahab Nouri au c\u0153ur d\u2019un scandale\" title=\"LA RESIDENCE D\u2019ETAT DE TLEMCEN : L\u2019ex-ministre Abdelwahab Nouri au c\u0153ur d\u2019un scandale\"\/><\/a><\/div>\n<div class=\"texte access firstletter\">Le projet de r\u00e9alisation de la somptueuse r\u00e9sidence d\u2019\u00c9tat de Tlemcen, dont la premi\u00e8re pierre a \u00e9t\u00e9 pos\u00e9e par Abdelaziz Bouteflika en personne en 2008, et qui devait comprendre 17 suites royales, un parcours de golf, de luxueuses villas, salles de conf\u00e9rences, piscines et autres est laiss\u00e9 \u00e0 l\u2019abandon depuis 2013, apr\u00e8s avoir bouff\u00e9 des sommes faramineuses. Ce projet retenu sur un site qui s\u2019\u00e9tend sur 10 hectares de superficie, situ\u00e9 sur le plateau de Lalla Setti sur les hauteurs de la ville de Tlemcen, devait \u00eatre con\u00e7u \u00e0 l\u2019image du Club des pins d\u2019Alger. Selon les sources de cette r\u00e9sidence, Club des pins bis, elle \u00e9tait destin\u00e9 \u00e0 accueillir la nomenklatura alg\u00e9rienne sur cette r\u00e9gion de l\u2019oranie, plus particuli\u00e8rement, la famille de l\u2019ancien \u2018\u2019Rais\u2019\u2019 et une grande partie des ministres et hauts responsables.\u00a0 Ce m\u00e9gaprojet d\u2019un budget pr\u00e9visionnel de 500 milliards de centimes a \u00e9t\u00e9 confi\u00e9, dans un premier temps, \u00e0 l\u2019entreprise \u00e9gyptienne Arab Contractor\u2019s, avant d\u2019\u00eatre interrompu puis repris par une soci\u00e9t\u00e9 chinoise. L\u2019ancien wali de Tlemcen, Abdelwahab Nouri , appel\u00e9 \u00e0 la t\u00eate du minist\u00e8re du tourisme, en 2013, s\u2019envole vers Alger laissant le projet \u00e0 l\u2019abandon. Et depuis, les travaux de la r\u00e9sidence officielle de Tlemcen ont \u00e9t\u00e9 d\u00e9finitivement suspendus pour des raisons qui demeurent inexpliqu\u00e9es. Cette r\u00e9sidence qui devait \u00eatre inaugur\u00e9e avant 2011, afin d\u2019accueillir les chefs d\u2019\u00c9tat et les hautes personnalit\u00e9s du monde \u00ab musulman \u00bb \u00e0 l\u2019occasion de l\u2019ann\u00e9e de \u00ab Tlemcen, capitale de la culture islamique \u00bb, est devenue aujourd\u2019hui la plus ch\u00e8re vieille carcasse qui co\u00fbte 500 milliards de centimes. En 2015, le gouvernement avait accord\u00e9 une rallonge budg\u00e9taire de 450 milliards de centimes pour l\u2019ach\u00e8vement des travaux de cette b\u00e2tisse qui n\u2019a jamais vu le jour. Des sources indiscr\u00e8tes r\u00e9v\u00e8lent que cette r\u00e9sidence d\u2019\u00c9tat est \u00e9rig\u00e9e d\u00e9lib\u00e9r\u00e9ment \u00e0 proximit\u00e9 de la villa Rivaud, qui porte une histoire particuli\u00e8re pour Abdelaziz Bouteflika. C\u2019est dans cette b\u00e2tisse que s\u2019\u00e9taient r\u00e9unis, en juillet 1962, Ahmed Ben Bella et les principaux chefs r\u00e9volutionnaires de l\u2019Ouest pour partir \u00e0 l\u2019assaut du pouvoir. Ce nouveau scandale financier r\u00e9v\u00e8le les graves d\u00e9rives dans la gestion des fonds publics en Alg\u00e9rie, sous le r\u00e8gne d\u2019Abdelaziz Bouteflika en l\u2019absence de moindre contr\u00f4le des finances publiques.<\/div>\n<\/div>\n<p>Auteur: Riad<br \/>\n<a href=\"https:\/\/www.reflexiondz.net\/LA-RESIDENCE-D-ETAT-DE-TLEMCEN-L-ex-ministre-Abdelwahab-Nouri-au-coeur-d-un-scandale_a56260.html\">Cliquez ici pour lire l&rsquo;article depuis sa source.<\/a><\/p>\n","protected":false},"excerpt":{"rendered":"<p>Le projet de r\u00e9alisation de la somptueuse r\u00e9sidence d\u2019\u00c9tat de Tlemcen, dont la premi\u00e8re pierre a \u00e9t\u00e9 pos\u00e9e par Abdelaziz Bouteflika en personne en 2008, et qui devait comprendre 17 suites royales, un parcours de golf, de luxueuses villas, salles de conf\u00e9rences, piscines et autres est laiss\u00e9 \u00e0 l\u2019abandon depuis 2013, apr\u00e8s avoir bouff\u00e9 des [&hellip;]<\/p>\n","protected":false},"author":1740,"featured_media":0,"comment_status":"closed","ping_status":"closed","sticky":false,"template":"","format":"standard","meta":{"fifu_image_url":"","fifu_image_alt":"","footnotes":""},"categories":[53,76],"tags":[],"class_list":["post-42068","post","type-post","status-publish","format-standard","hentry","category-algerie","category-regions"],"_links":{"self":[{"href":"https:\/\/linitiative.ca\/International\/wp-json\/wp\/v2\/posts\/42068","targetHints":{"allow":["GET"]}}],"collection":[{"href":"https:\/\/linitiative.ca\/International\/wp-json\/wp\/v2\/posts"}],"about":[{"href":"https:\/\/linitiative.ca\/International\/wp-json\/wp\/v2\/types\/post"}],"author":[{"embeddable":true,"href":"https:\/\/linitiative.ca\/International\/wp-json\/wp\/v2\/users\/1740"}],"replies":[{"embeddable":true,"href":"https:\/\/linitiative.ca\/International\/wp-json\/wp\/v2\/comments?post=42068"}],"version-history":[{"count":0,"href":"https:\/\/linitiative.ca\/International\/wp-json\/wp\/v2\/posts\/42068\/revisions"}],"wp:attachment":[{"href":"https:\/\/linitiative.ca\/International\/wp-json\/wp\/v2\/media?parent=42068"}],"wp:term":[{"taxonomy":"category","embeddable":true,"href":"https:\/\/linitiative.ca\/International\/wp-json\/wp\/v2\/categories?post=42068"},{"taxonomy":"post_tag","embeddable":true,"href":"https:\/\/linitiative.ca\/International\/wp-json\/wp\/v2\/tags?post=42068"}],"curies":[{"name":"wp","href":"https:\/\/api.w.org\/{rel}","templated":true}]}}