{"id":42121,"date":"2019-06-22T17:18:03","date_gmt":"2019-06-22T21:18:03","guid":{"rendered":"https:\/\/linitiative.ca\/International\/legypte-et-le-mozambique-signent-des-accords-de-partenariat-dans-les-domaines-de-lagriculture-et-de-la-securite-alimentaire\/"},"modified":"2019-06-22T17:18:03","modified_gmt":"2019-06-22T21:18:03","slug":"legypte-et-le-mozambique-signent-des-accords-de-partenariat-dans-les-domaines-de-lagriculture-et-de-la-securite-alimentaire","status":"publish","type":"post","link":"https:\/\/linitiative.ca\/International\/legypte-et-le-mozambique-signent-des-accords-de-partenariat-dans-les-domaines-de-lagriculture-et-de-la-securite-alimentaire\/","title":{"rendered":"L\u2019Egypte et le Mozambique signent des accords de partenariat dans les domaines de l\u2019agriculture et de la s\u00e9curit\u00e9 alimentaire"},"content":{"rendered":"<div readability=\"32\">\n<p>Publi\u00e9 le 22.06.2019 \u00e0 22h18 par APA News<\/p>\n<\/div>\n<div readability=\"79\">\n<p>L\u2019Egypte et le Mozambique ont sign\u00e9, samedi au Caire, des accords de partenariat dans les domaines de l\u2019agriculture et de la s\u00e9curitaire alimentaire ainsi que des m\u00e9morandums d\u2019accord portant sur la consultation politique et l\u2019exemption de visa d\u2019entr\u00e9e pour les passeports diplomatiques des deux pays.Par Mohamed Fayed<\/p>\n<p>La signature de ces accords a eu lieu lors de la visite de travail qu\u2019effectue le pr\u00e9sident mozambicain, Filipe Nyusi en Egypte et au cours de laquelle il s\u2019est entretenu avec son homologue \u00e9gyptien, Abdelfattah Al-Sisi.<\/p>\n<p>Lors de cette rencontre, le pr\u00e9sident \u00e9gyptien a soulign\u00e9 la volont\u00e9 de son pays de renforcer ses relations avec le Mozambique, d\u2019activer les cadres de coop\u00e9ration dans tous les domaines et d\u2019intensifier la coordination bilat\u00e9rale sur les probl\u00e8mes de la r\u00e9gion et du continent africain en g\u00e9n\u00e9ral, a indiqu\u00e9 le porte-parole de la Pr\u00e9sidence \u00e9gyptienne, Bassam Radi.<\/p>\n<p>Pour sa part, le pr\u00e9sident du Mozambique a exprim\u00e9 sa fiert\u00e9 pour cette visite, la premi\u00e8re d\u2019un pr\u00e9sident mozambicain en Egypte et prendre part \u00e0 l\u2019ouverture de la Coupe d\u2019Afrique des Nations (CAN-2019) qui a eu lieu vendredi au Grand Stade du Caire.<\/p>\n<p>Il a \u00e9galement exprim\u00e9 son d\u00e9sir de d\u00e9velopper les relations de coop\u00e9ration avec l\u2019Egypte et d\u2019\u00e9largir la sph\u00e8re de coop\u00e9ration pour englober nombre de domaines.<\/p>\n<p>Selon le porte-parole de la Pr\u00e9sidence \u00e9gyptienne, il a \u00e9t\u00e9 convenu lors de cette rencontre d\u2019activer les m\u00e9canismes de coop\u00e9ration existants entre les deux parties, notamment la commission mixte et d\u2019\u0153uvrer de concert pour le \u00a0d\u00e9veloppement des relations \u00e9conomiques et des \u00e9changes commerciaux entre les deux pays notamment dans les domaines du d\u00e9veloppement des infrastructures gr\u00e2ce aux comp\u00e9tences dont disposent les entreprises \u00e9gyptiennes dans ce domaine, ainsi qu\u2019au d\u00e9veloppement de la coop\u00e9ration dans les secteurs de l\u2019agriculture, de la pisciculture, de la sant\u00e9, des communications et des transports.<\/p>\n<p>Les deux parties ont \u00e9galement convenu de l\u2019importance de continuer \u00e0 \u0153uvrer pour la r\u00e9alisation des objectifs de d\u00e9veloppement \u00e9nonc\u00e9s dans l\u2019Agenda 2063 de l\u2019Union Africaine, ainsi que de se concentrer sur la mise en \u0153uvre de projets continentaux qui sont une priorit\u00e9 pour les pays africains outre le renforcement des m\u00e9canismes africains de reconstruction et de d\u00e9veloppement post-conflits, outre l\u2019intensification des efforts de lutte contre le terrorisme et l\u2019extr\u00e9misme et le soutien \u00e0 la s\u00e9curit\u00e9 et \u00e0 la stabilit\u00e9 sur le continent africain.<\/p>\n<\/div>\n<p>Auteur: APA News<br \/>\n<a href=\"https:\/\/www.journalducameroun.com\/legypte-et-le-mozambique-signent-des-accords-de-partenariat-dans-les-domaines-de-lagriculture-et-de-la-securite-alimentaire\/\">Cliquez ici pour lire l&rsquo;article depuis sa source.<\/a><\/p>\n","protected":false},"excerpt":{"rendered":"<p>Publi\u00e9 le 22.06.2019 \u00e0 22h18 par APA News L\u2019Egypte et le Mozambique ont sign\u00e9, samedi au Caire, des accords de partenariat dans les domaines de l\u2019agriculture et de la s\u00e9curitaire alimentaire ainsi que des m\u00e9morandums d\u2019accord portant sur la consultation politique et l\u2019exemption de visa d\u2019entr\u00e9e pour les passeports diplomatiques des deux pays.Par Mohamed Fayed [&hellip;]<\/p>\n","protected":false},"author":1965,"featured_media":0,"comment_status":"closed","ping_status":"closed","sticky":false,"template":"","format":"standard","meta":{"fifu_image_url":"","fifu_image_alt":"","footnotes":""},"categories":[73,82],"tags":[],"class_list":["post-42121","post","type-post","status-publish","format-standard","hentry","category-actualite","category-cameroun"],"_links":{"self":[{"href":"https:\/\/linitiative.ca\/International\/wp-json\/wp\/v2\/posts\/42121","targetHints":{"allow":["GET"]}}],"collection":[{"href":"https:\/\/linitiative.ca\/International\/wp-json\/wp\/v2\/posts"}],"about":[{"href":"https:\/\/linitiative.ca\/International\/wp-json\/wp\/v2\/types\/post"}],"author":[{"embeddable":true,"href":"https:\/\/linitiative.ca\/International\/wp-json\/wp\/v2\/users\/1965"}],"replies":[{"embeddable":true,"href":"https:\/\/linitiative.ca\/International\/wp-json\/wp\/v2\/comments?post=42121"}],"version-history":[{"count":0,"href":"https:\/\/linitiative.ca\/International\/wp-json\/wp\/v2\/posts\/42121\/revisions"}],"wp:attachment":[{"href":"https:\/\/linitiative.ca\/International\/wp-json\/wp\/v2\/media?parent=42121"}],"wp:term":[{"taxonomy":"category","embeddable":true,"href":"https:\/\/linitiative.ca\/International\/wp-json\/wp\/v2\/categories?post=42121"},{"taxonomy":"post_tag","embeddable":true,"href":"https:\/\/linitiative.ca\/International\/wp-json\/wp\/v2\/tags?post=42121"}],"curies":[{"name":"wp","href":"https:\/\/api.w.org\/{rel}","templated":true}]}}