{"id":42144,"date":"2019-06-23T04:08:13","date_gmt":"2019-06-23T08:08:13","guid":{"rendered":"https:\/\/linitiative.ca\/International\/couverture-sociale-des-travailleurs-domestiques-les-clarifications-de-la-cnss\/"},"modified":"2019-06-23T04:08:13","modified_gmt":"2019-06-23T08:08:13","slug":"couverture-sociale-des-travailleurs-domestiques-les-clarifications-de-la-cnss","status":"publish","type":"post","link":"https:\/\/linitiative.ca\/International\/couverture-sociale-des-travailleurs-domestiques-les-clarifications-de-la-cnss\/","title":{"rendered":"Couverture sociale des travailleurs domestiques : Les clarifications de la CNSS"},"content":{"rendered":"<header>\n<\/header>\n<div class=\"entry-content clearfix\" readability=\"56\"><img decoding=\"async\" class=\"post_layout_5_img\" src=\"http:\/\/aujourdhui.ma\/wp-content\/uploads\/2019\/06\/Bonne-travailleurs-domestiques.jpg?x29840\" alt=\"Couverture sociale des travailleurs domestiques : Les clarifications de la CNSS\"\/><\/p>\n<p class=\"p1\"><span class=\"c4\"><strong>La Caisse nationale de s\u00e9curit\u00e9 sociale (CNSS)<span class=\"Apple-converted-space\">\u00a0<\/span> vient d\u2019apporter des pr\u00e9cisions concernant les modalit\u00e9s et conditions d\u2019application pour faire b\u00e9n\u00e9ficier<span class=\"Apple-converted-space\">\u00a0<\/span> les travailleurs de maison<span class=\"Apple-converted-space\">\u00a0<\/span> de la couverture sociale et m\u00e9dicale.<\/strong><\/span><span id=\"more-313422\"\/><\/p>\n<p class=\"p1\">Dans un communiqu\u00e9, la Caisse pr\u00e9cise qu\u2019il faut fournir \u00e0 la CNSS<span class=\"Apple-converted-space\">\u00a0<\/span> les pi\u00e8ces n\u00e9cessaires pour l\u2019affiliation et la d\u00e9claration<span class=\"Apple-converted-space\">\u00a0<\/span> des employ\u00e9s ; tout en signalant toute modification des donn\u00e9es<span class=\"Apple-converted-space\">\u00a0<\/span> concernant l\u2019employeur et\/ou l\u2019employ\u00e9, dans un d\u00e9lai ne d\u00e9passant pas un mois. L\u2019employeur devra s\u2019acquitter du paiement des charges sociales telles que d\u00e9finies dans le calcul du taux de cotisation. Toutefois, les employeurs des travailleurs de maison sont dans l\u2019obligation de les d\u00e9clarer dans un d\u00e9lai maximum de 12 mois, et ce, \u00e0 partir de la date de publication dudit d\u00e9cret. Pass\u00e9 ce d\u00e9lai, la couverture devient obligatoire.<\/p>\n<p class=\"p1\">Rappelons que la couverture sociale des travailleurs domestiques est devenue effective avec la publication du d\u00e9cret n\u00b0 2.18.686 relatif aux conditions d\u2019application du r\u00e9gime de la CNSS \u00e0 cette nouvelle population dans le BO n\u00b0 6783 du 3 juin 2019. L\u2019immatriculation \u00e0 la CNSS permettra ainsi aux travailleurs domestiques de b\u00e9n\u00e9ficier de toutes les prestations de s\u00e9curit\u00e9 sociale, en l\u2019occurrence l\u2019AMO, l\u2019indemnit\u00e9 pour perte d\u2019emploi, le cong\u00e9 de maternit\u00e9, les indemnit\u00e9s journali\u00e8res de maladie, le cong\u00e9 de maternit\u00e9, les allocations familiales\u2026<\/p>\n<\/div>\n<p>Auteur: ALM<br \/>\n<a href=\"http:\/\/aujourdhui.ma\/societe\/couverture-sociale-des-travailleurs-domestiques-les-clarifications-de-la-cnss\">Cliquez ici pour lire l&rsquo;article depuis sa source.<\/a><\/p>\n","protected":false},"excerpt":{"rendered":"<p>La Caisse nationale de s\u00e9curit\u00e9 sociale (CNSS)\u00a0 vient d\u2019apporter des pr\u00e9cisions concernant les modalit\u00e9s et conditions d\u2019application pour faire b\u00e9n\u00e9ficier\u00a0 les travailleurs de maison\u00a0 de la couverture sociale et m\u00e9dicale. Dans un communiqu\u00e9, la Caisse pr\u00e9cise qu\u2019il faut fournir \u00e0 la CNSS\u00a0 les pi\u00e8ces n\u00e9cessaires pour l\u2019affiliation et la d\u00e9claration\u00a0 des employ\u00e9s ; tout en [&hellip;]<\/p>\n","protected":false},"author":1759,"featured_media":0,"comment_status":"closed","ping_status":"closed","sticky":false,"template":"","format":"standard","meta":{"fifu_image_url":"","fifu_image_alt":"","footnotes":""},"categories":[73,54],"tags":[],"class_list":["post-42144","post","type-post","status-publish","format-standard","hentry","category-actualite","category-maroc"],"_links":{"self":[{"href":"https:\/\/linitiative.ca\/International\/wp-json\/wp\/v2\/posts\/42144","targetHints":{"allow":["GET"]}}],"collection":[{"href":"https:\/\/linitiative.ca\/International\/wp-json\/wp\/v2\/posts"}],"about":[{"href":"https:\/\/linitiative.ca\/International\/wp-json\/wp\/v2\/types\/post"}],"author":[{"embeddable":true,"href":"https:\/\/linitiative.ca\/International\/wp-json\/wp\/v2\/users\/1759"}],"replies":[{"embeddable":true,"href":"https:\/\/linitiative.ca\/International\/wp-json\/wp\/v2\/comments?post=42144"}],"version-history":[{"count":0,"href":"https:\/\/linitiative.ca\/International\/wp-json\/wp\/v2\/posts\/42144\/revisions"}],"wp:attachment":[{"href":"https:\/\/linitiative.ca\/International\/wp-json\/wp\/v2\/media?parent=42144"}],"wp:term":[{"taxonomy":"category","embeddable":true,"href":"https:\/\/linitiative.ca\/International\/wp-json\/wp\/v2\/categories?post=42144"},{"taxonomy":"post_tag","embeddable":true,"href":"https:\/\/linitiative.ca\/International\/wp-json\/wp\/v2\/tags?post=42144"}],"curies":[{"name":"wp","href":"https:\/\/api.w.org\/{rel}","templated":true}]}}