{"id":42149,"date":"2019-06-23T06:15:11","date_gmt":"2019-06-23T10:15:11","guid":{"rendered":"https:\/\/linitiative.ca\/International\/tourisme-au-souss-passons-aux-actes\/"},"modified":"2019-06-23T06:15:11","modified_gmt":"2019-06-23T10:15:11","slug":"tourisme-au-souss-passons-aux-actes","status":"publish","type":"post","link":"https:\/\/linitiative.ca\/International\/tourisme-au-souss-passons-aux-actes\/","title":{"rendered":"Tourisme au Souss: Passons aux actes!"},"content":{"rendered":"<p class=\"c4\"><span class=\"c3\"><strong><span class=\"c2\">D<\/span>ans l\u2019un de ses po\u00e8mes de p\u00e9dagogie universelle, Jacques Pr\u00e9vert avait mis en garde l\u2019insouciance face aux actions \u00e0 mener, \u00e0 travers cette fable de haute teneur instructive\u00a0: \u00abIl ne faut jamais faire les choses \u00e0 moiti\u00e9!\u00bb.<\/strong><\/span><\/p>\n<p class=\"c4\">Cette all\u00e9gorie de l\u2019illustre po\u00e8te fran\u00e7ais conviendrait, \u00e0 coup s\u00fbr, aux prestations mi-figue, mi-raisin de la communaut\u00e9 de l\u2019industrie du tourisme dans la r\u00e9gion Souss Massa, depuis d\u00e9j\u00e0 plus de deux d\u00e9cennies. D\u00e8s lors, beaucoup d\u2019eau a coul\u00e9 sous les ponts et nombre de constats ont inond\u00e9 les comptes-rendus des r\u00e9unions marathoniennes pour rem\u00e9dier \u00e0 cette situation critique de ce secteur qui ne cesse de battre en retraite, en d\u00e9pit du volontarisme dont font preuve certains de ses intervenants, \u00e0 plus d\u2019un registre. On s\u2019est constamment retrouv\u00e9, en fin de compte, devant une ex\u00e9cution inachev\u00e9e, exactement tel que narrait en anecdote le fablier du conte\u00a0: \u00abl\u2019oiseau et le chat\u00bb.<\/p>\n<p class=\"c4\">Il serait alors idiot de projeter encore un power point avec des diagnostics sur la destination que tout le monde a appris par c\u0153ur. De m\u00eame, il serait si fastidieux de rab\u00e2cher des discours \u00e9motionnels ou encore dormir sur les lauriers d\u2019un pass\u00e9 r\u00e9volu. De gr\u00e2ce, cessons de verser dans le ridicule\u00a0et agissons dans le concret! Tout est bien connu de tous, aussi bien les professionnels, les institutionnels que les d\u00e9put\u00e9s et les acteurs associatifs.<\/p>\n<p class=\"c4\">Ce n\u2019est plus un secret pour personne, cette r\u00e9alit\u00e9 am\u00e8re que la station baln\u00e9aire du Souss tra\u00eene, il y a des lustres. L\u2019heure est donc \u00e0 l\u2019action tant au niveau local que central. En fait, l\u2019Etat, \u00e0 travers ses divers d\u00e9partements, notamment la primature, les finances, l\u2019int\u00e9rieur, le tourisme, le transport, le commerce\u2026, se devrait de se pencher pour de bon sur cette r\u00e9gion \u00e0 forte vocation touristique. Il est inadmissible qu\u2019un site aussi pris\u00e9 soit renvoy\u00e9e aux calendes grecques, sans aucun souci de valoriser son potentiel porteur!<\/p>\n<p class=\"c4\">Dans ses multiples strat\u00e9gies fondatrices, l\u2019Etat \u00e9tait, depuis longtemps, convenu que la capitale du Souss serait le porte-fanion du tourisme littoral, en parfaite coh\u00e9sion avec les niches parall\u00e8les, en particulier celles ayant trait \u00e0 l\u2019arri\u00e8re pays. Cette orientation nationale n\u2019est ni casuelle ni fortuite, au vu des atouts dont regorge cette r\u00e9gion prometteuse, sur le plan naturel, climatique, \u00e9conomique et s\u00e9curitaire.<\/p>\n<p class=\"c4\">Or, l\u2019Etat s\u2019est compl\u00e8tement d\u00e9rob\u00e9 de cette mission vital vis-\u00e0-vis des r\u00e9sidents et leurs visiteurs. A l\u2019image des investissements publics qui ont cess\u00e9 de se d\u00e9ferler dans les vaisseaux de cette urbanisation acc\u00e9l\u00e9r\u00e9e, des actions de promotion qui ignorent cette partie du royaume dans les campagnes externes, des dessertes a\u00e9riennes du promoteur national dont les lignes marquent le pas au d\u00e9part et \u00e0 destination d\u2019Agadir\u2026<\/p>\n<p class=\"c4\">Si l\u2019Etat tourne le dos \u00e0 cette locomotive r\u00e9gionale, il faut aussi reconna\u00eetre que les d\u00e9cideurs locaux ont si longtemps somnol\u00e9 dans une l\u00e9thargie assassine. Non seulement les op\u00e9rateurs qui, pour une bonne partie, ont \u00e9volu\u00e9 dans la dispersion et la cacophonie. Mais, aussi la ville qui a toujours brill\u00e9 par une nonchalance d\u00e9concertante, au niveau des art\u00e8res, des \u00e9quipements publics, des patrimoines, des sites\u2026Aujourd\u2019hui, apr\u00e8s cette imposante rencontre entre acteurs du tourisme, toutes cat\u00e9gories r\u00e9unies, les autorit\u00e9s r\u00e9gionales et les responsables de tutelle, toute la famille du domaine est soumise \u00e0 une profonde prise de conscience de cet \u00e9tat d\u00e9solant.<\/p>\n<p class=\"c4\">Ensuite, il va falloir agir par synergie, audace et m\u00e9thode, autour d\u2019un plan d\u2019action interminist\u00e9riel, d\u00e9fini dans le temps et la priorit\u00e9, englobant tous les axes r\u00e9pertori\u00e9s, notamment la parc h\u00f4telier, la connexion a\u00e9rienne, le flux des croisi\u00e8res, le transport terrestre, la restauration, l\u2019artisanat, la promotion de la ville, l\u2019animation. C\u2019est \u00e0 ce prix qu\u2019on peut faire des choses en entier et non pas \u00e0 moiti\u00e9!<\/p>\n<p>Auteur: rahal mehamed<br \/>\n<a href=\"http:\/\/albayane.press.ma\/tourisme-au-souss-passons-aux-actes.html\">Cliquez ici pour lire l&rsquo;article depuis sa source.<\/a><\/p>\n","protected":false},"excerpt":{"rendered":"<p>Dans l\u2019un de ses po\u00e8mes de p\u00e9dagogie universelle, Jacques Pr\u00e9vert avait mis en garde l\u2019insouciance face aux actions \u00e0 mener, \u00e0 travers cette fable de haute teneur instructive\u00a0: \u00abIl ne faut jamais faire les choses \u00e0 moiti\u00e9!\u00bb. Cette all\u00e9gorie de l\u2019illustre po\u00e8te fran\u00e7ais conviendrait, \u00e0 coup s\u00fbr, aux prestations mi-figue, mi-raisin de la communaut\u00e9 de [&hellip;]<\/p>\n","protected":false},"author":1760,"featured_media":0,"comment_status":"closed","ping_status":"closed","sticky":false,"template":"","format":"standard","meta":{"fifu_image_url":"","fifu_image_alt":"","footnotes":""},"categories":[73,54],"tags":[],"class_list":["post-42149","post","type-post","status-publish","format-standard","hentry","category-actualite","category-maroc"],"_links":{"self":[{"href":"https:\/\/linitiative.ca\/International\/wp-json\/wp\/v2\/posts\/42149","targetHints":{"allow":["GET"]}}],"collection":[{"href":"https:\/\/linitiative.ca\/International\/wp-json\/wp\/v2\/posts"}],"about":[{"href":"https:\/\/linitiative.ca\/International\/wp-json\/wp\/v2\/types\/post"}],"author":[{"embeddable":true,"href":"https:\/\/linitiative.ca\/International\/wp-json\/wp\/v2\/users\/1760"}],"replies":[{"embeddable":true,"href":"https:\/\/linitiative.ca\/International\/wp-json\/wp\/v2\/comments?post=42149"}],"version-history":[{"count":0,"href":"https:\/\/linitiative.ca\/International\/wp-json\/wp\/v2\/posts\/42149\/revisions"}],"wp:attachment":[{"href":"https:\/\/linitiative.ca\/International\/wp-json\/wp\/v2\/media?parent=42149"}],"wp:term":[{"taxonomy":"category","embeddable":true,"href":"https:\/\/linitiative.ca\/International\/wp-json\/wp\/v2\/categories?post=42149"},{"taxonomy":"post_tag","embeddable":true,"href":"https:\/\/linitiative.ca\/International\/wp-json\/wp\/v2\/tags?post=42149"}],"curies":[{"name":"wp","href":"https:\/\/api.w.org\/{rel}","templated":true}]}}