{"id":42169,"date":"2019-06-22T16:33:25","date_gmt":"2019-06-22T20:33:25","guid":{"rendered":"https:\/\/linitiative.ca\/International\/immigration-clandestine-3-personnes-arretees-a-nador\/"},"modified":"2019-06-22T16:33:25","modified_gmt":"2019-06-22T20:33:25","slug":"immigration-clandestine-3-personnes-arretees-a-nador","status":"publish","type":"post","link":"https:\/\/linitiative.ca\/International\/immigration-clandestine-3-personnes-arretees-a-nador\/","title":{"rendered":"Immigration clandestine : 3 personnes arr\u00eat\u00e9es \u00e0 Nador"},"content":{"rendered":"<div class=\"single-featured\"><img alt=\"\" data-src=\"http:\/\/www.mapoujda.ma\/map\/uploads\/2019\/06\/Arrestation-de-trois-individus-\u00e0-Nador-M-750\u00d7430.jpg\"\/><\/div>\n<div class=\"single-post-excerpt post-excerpt-bc\" readability=\"37\">\n<p>La brigade de la police judiciaire de Nador a proc\u00e9d\u00e9 sur la base d\u2019informations pr\u00e9cises fournies par la Direction g\u00e9n\u00e9rale de la surveillance du territoire (DGST) \u00e0 l\u2019arrestation, samedi matin, de trois individus soup\u00e7onn\u00e9s d\u2019appartenir \u00e0 un r\u00e9seau criminel d\u00e9di\u00e9 \u00e0 l\u2019organisation d\u2019op\u00e9rations d\u2019immigration ill\u00e9gale.<\/p>\n<\/div>\n<div class=\"entry-content clearfix single-post-content\" readability=\"51\">\n<p>Les recherches et les investigations men\u00e9es sur cette affaire ont permis d\u2019appr\u00e9hender sept Marocains candidats \u00e0 l\u2019immigration clandestine, qui avaient convenu avec les organisateurs interpell\u00e9s de les emmener de mani\u00e8re ill\u00e9gale en Europe en contrepartie de sommes d\u2019argent,\u00a0indique un communiqu\u00e9 de la Direction g\u00e9n\u00e9rale de la s\u00fbret\u00e9 nationale (DGSN).<\/p>\n<p>Les perquisitions ont permis \u00e9galement la saisie d\u2019une voiture et d\u2019importantes sommes d\u2019argent en monnaie nationale qui pourraient provenir de ce trafic illicite.<\/p>\n<p>Les trois mis en cause ont \u00e9t\u00e9 plac\u00e9s en garde \u00e0 vue \u00e0 la disposition de l\u2019enqu\u00eate men\u00e9e sous la supervision du parquet comp\u00e9tent en vue de d\u00e9terminer les faits qui leur sont reproch\u00e9s et les liens pr\u00e9sum\u00e9s avec d\u2019autres r\u00e9seaux criminels qui s\u2019activent au Maroc ou \u00e0 l\u2019\u00e9tranger, ajoute la m\u00eame source.<\/p>\n<p>Cette affaire\u00a0s\u2019inscrit dans le cadre des efforts intenses d\u00e9ploy\u00e9s par les services de s\u00e9curit\u00e9 pour lutter contre les r\u00e9seaux de l\u2019immigration clandestine et de traite d\u2019\u00eatres humains s\u2019activant entre les deux rives de la M\u00e9diterran\u00e9e, conclut le communiqu\u00e9.<\/p>\n<\/div>\n<p>Auteur: Soufiane ELAHMAR<br \/>\n<a href=\"http:\/\/www.mapoujda.ma\/fr\/immigration-clandestine-3-personnes-arretees-a-nador\/\">Cliquez ici pour lire l&rsquo;article depuis sa source.<\/a><\/p>\n","protected":false},"excerpt":{"rendered":"<p>La brigade de la police judiciaire de Nador a proc\u00e9d\u00e9 sur la base d\u2019informations pr\u00e9cises fournies par la Direction g\u00e9n\u00e9rale de la surveillance du territoire (DGST) \u00e0 l\u2019arrestation, samedi matin, de trois individus soup\u00e7onn\u00e9s d\u2019appartenir \u00e0 un r\u00e9seau criminel d\u00e9di\u00e9 \u00e0 l\u2019organisation d\u2019op\u00e9rations d\u2019immigration ill\u00e9gale. Les recherches et les investigations men\u00e9es sur cette affaire ont [&hellip;]<\/p>\n","protected":false},"author":1788,"featured_media":42170,"comment_status":"closed","ping_status":"closed","sticky":false,"template":"","format":"standard","meta":{"fifu_image_url":"","fifu_image_alt":"","footnotes":""},"categories":[54,76],"tags":[],"class_list":["post-42169","post","type-post","status-publish","format-standard","has-post-thumbnail","hentry","category-maroc","category-regions"],"_links":{"self":[{"href":"https:\/\/linitiative.ca\/International\/wp-json\/wp\/v2\/posts\/42169","targetHints":{"allow":["GET"]}}],"collection":[{"href":"https:\/\/linitiative.ca\/International\/wp-json\/wp\/v2\/posts"}],"about":[{"href":"https:\/\/linitiative.ca\/International\/wp-json\/wp\/v2\/types\/post"}],"author":[{"embeddable":true,"href":"https:\/\/linitiative.ca\/International\/wp-json\/wp\/v2\/users\/1788"}],"replies":[{"embeddable":true,"href":"https:\/\/linitiative.ca\/International\/wp-json\/wp\/v2\/comments?post=42169"}],"version-history":[{"count":0,"href":"https:\/\/linitiative.ca\/International\/wp-json\/wp\/v2\/posts\/42169\/revisions"}],"wp:featuredmedia":[{"embeddable":true,"href":"https:\/\/linitiative.ca\/International\/wp-json\/"}],"wp:attachment":[{"href":"https:\/\/linitiative.ca\/International\/wp-json\/wp\/v2\/media?parent=42169"}],"wp:term":[{"taxonomy":"category","embeddable":true,"href":"https:\/\/linitiative.ca\/International\/wp-json\/wp\/v2\/categories?post=42169"},{"taxonomy":"post_tag","embeddable":true,"href":"https:\/\/linitiative.ca\/International\/wp-json\/wp\/v2\/tags?post=42169"}],"curies":[{"name":"wp","href":"https:\/\/api.w.org\/{rel}","templated":true}]}}