{"id":42171,"date":"2019-06-22T17:39:21","date_gmt":"2019-06-22T21:39:21","guid":{"rendered":"https:\/\/linitiative.ca\/International\/peche-maritime-la-formation-pour-femmes-reportee-a-octobre\/"},"modified":"2019-06-22T17:39:21","modified_gmt":"2019-06-22T21:39:21","slug":"peche-maritime-la-formation-pour-femmes-reportee-a-octobre","status":"publish","type":"post","link":"https:\/\/linitiative.ca\/International\/peche-maritime-la-formation-pour-femmes-reportee-a-octobre\/","title":{"rendered":"P\u00eache maritime: La formation pour femmes report\u00e9e \u00e0 octobre"},"content":{"rendered":"<div class=\"single-featured\"><img alt=\"\" data-src=\"http:\/\/www.mapoujda.ma\/map\/uploads\/2019\/06\/P\u00eache-maritime-M-750\u00d7430.jpg\"\/><\/div>\n<div class=\"single-post-excerpt post-excerpt-bc\" readability=\"38\">\n<p>Le lancement de la session de formation professionnelle pour les femmes dans le domaine de la p\u00eache maritime, pr\u00e9vu initialement cet \u00e9t\u00e9 \u00e0 bord du navire espagnol \u00abINTERMARES\u00bb au port de Nador, a \u00e9t\u00e9 report\u00e9 \u00e0 fin octobre prochain, indique un communiqu\u00e9 des parties organisatrices parvenu samedi \u00e0 la MAP.<\/p>\n<\/div>\n<div class=\"entry-content clearfix single-post-content\" readability=\"56\">\n<p>Le secr\u00e9tariat d\u2019Etat charg\u00e9 de la P\u00eache maritime, le minist\u00e8re espagnol de l\u2019Agriculture, de la p\u00eache et de l\u2019alimentation et la Fondation \u00abMujeres por Africa\u00bb (Femmes pour l\u2019Afrique) \u00abont d\u00e9cid\u00e9 ensemble de reporter la tenue de cette formation \u00e0 fin octobre 2019\u00bb, en raison de \u00abcontraintes d\u2019ordre logistique, li\u00e9es notamment \u00e0 l\u2019op\u00e9ration de transit des Marocains r\u00e9sidant \u00e0 l\u2019\u00e9tranger, co\u00efncidant avec la p\u00e9riode initialement pr\u00e9vue pour le lancement de l\u2019action de formation\u00bb, pr\u00e9cise le communiqu\u00e9.<\/p>\n<p>Pour rappel, un M\u00e9morandum d\u2019entente a \u00e9t\u00e9 sign\u00e9 en mai dernier entre le secr\u00e9tariat d\u2019Etat charg\u00e9 de la P\u00eache maritime et la Fondation Mujeres por Africa, avec pour objectif d\u2019asseoir une coop\u00e9ration entre les deux parties en mati\u00e8re d\u2019encadrement et de formation des femmes dans le secteur de la p\u00eache maritime.<\/p>\n<p>Les actions de ce M\u00e9morandum d\u2019entente visent l\u2019accompagnement des femmes par des actions de formation, d\u2019insertion dans les m\u00e9tiers li\u00e9s en amont et en aval \u00e0 la p\u00eache maritime, \u00e0 l\u2019entrepreneuriat dans l\u2019\u00e9conomie sociale et solidaire et \u00e0 l\u2019employabilit\u00e9 des jeunes femmes en vue de leur autonomisation et promotion sociale, rappelle le communiqu\u00e9.<\/p>\n<\/div>\n<p>Auteur: Soufiane ELAHMAR<br \/>\n<a href=\"http:\/\/www.mapoujda.ma\/fr\/peche-maritime-la-formation-pour-femmes-reportee-a-octobre\/\">Cliquez ici pour lire l&rsquo;article depuis sa source.<\/a><\/p>\n","protected":false},"excerpt":{"rendered":"<p>Le lancement de la session de formation professionnelle pour les femmes dans le domaine de la p\u00eache maritime, pr\u00e9vu initialement cet \u00e9t\u00e9 \u00e0 bord du navire espagnol \u00abINTERMARES\u00bb au port de Nador, a \u00e9t\u00e9 report\u00e9 \u00e0 fin octobre prochain, indique un communiqu\u00e9 des parties organisatrices parvenu samedi \u00e0 la MAP. Le secr\u00e9tariat d\u2019Etat charg\u00e9 de [&hellip;]<\/p>\n","protected":false},"author":1788,"featured_media":42172,"comment_status":"closed","ping_status":"closed","sticky":false,"template":"","format":"standard","meta":{"fifu_image_url":"","fifu_image_alt":"","footnotes":""},"categories":[54,76],"tags":[],"class_list":["post-42171","post","type-post","status-publish","format-standard","has-post-thumbnail","hentry","category-maroc","category-regions"],"_links":{"self":[{"href":"https:\/\/linitiative.ca\/International\/wp-json\/wp\/v2\/posts\/42171","targetHints":{"allow":["GET"]}}],"collection":[{"href":"https:\/\/linitiative.ca\/International\/wp-json\/wp\/v2\/posts"}],"about":[{"href":"https:\/\/linitiative.ca\/International\/wp-json\/wp\/v2\/types\/post"}],"author":[{"embeddable":true,"href":"https:\/\/linitiative.ca\/International\/wp-json\/wp\/v2\/users\/1788"}],"replies":[{"embeddable":true,"href":"https:\/\/linitiative.ca\/International\/wp-json\/wp\/v2\/comments?post=42171"}],"version-history":[{"count":0,"href":"https:\/\/linitiative.ca\/International\/wp-json\/wp\/v2\/posts\/42171\/revisions"}],"wp:featuredmedia":[{"embeddable":true,"href":"https:\/\/linitiative.ca\/International\/wp-json\/"}],"wp:attachment":[{"href":"https:\/\/linitiative.ca\/International\/wp-json\/wp\/v2\/media?parent=42171"}],"wp:term":[{"taxonomy":"category","embeddable":true,"href":"https:\/\/linitiative.ca\/International\/wp-json\/wp\/v2\/categories?post=42171"},{"taxonomy":"post_tag","embeddable":true,"href":"https:\/\/linitiative.ca\/International\/wp-json\/wp\/v2\/tags?post=42171"}],"curies":[{"name":"wp","href":"https:\/\/api.w.org\/{rel}","templated":true}]}}