{"id":42184,"date":"2019-06-23T15:14:00","date_gmt":"2019-06-23T19:14:00","guid":{"rendered":"https:\/\/linitiative.ca\/International\/ligue-1-2-jsk-benkhelifa-refuse-de-jouer-ailleurs-qua-la-jsk\/"},"modified":"2019-06-23T15:14:00","modified_gmt":"2019-06-23T19:14:00","slug":"ligue-1-2-jsk-benkhelifa-refuse-de-jouer-ailleurs-qua-la-jsk","status":"publish","type":"post","link":"https:\/\/linitiative.ca\/International\/ligue-1-2-jsk-benkhelifa-refuse-de-jouer-ailleurs-qua-la-jsk\/","title":{"rendered":"Ligue 1 &amp; 2 : JSK : Benkhelifa refuse de jouer ailleurs qu\u2019\u00e0 la JSK"},"content":{"rendered":"<div readability=\"32\">\n<p>Auteur : <span>Sa\u00efd D.<\/span> <span class=\"time\">dimanche 23 juin 2019 17:41<\/span><\/p>\n<\/div>\n<div id=\"post_core\" readability=\"88\">\n<p>Alors que le recrutement s\u2019acc\u00e9l\u00e8re du c\u00f4t\u00e9 de la JSK puisque le club kabyle a d\u00e9j\u00e0 assur\u00e9 les services de cinq nouvelles recrues et une semaine seulement avant la reprise des entra\u00eenements, qui est programm\u00e9e pour ce samedi \u00e0 Tizi Ouzou, les responsables kabyles n\u2019ont toujours pas r\u00e9gl\u00e9 le cas du milieu de terrain, Karim Benkhelifa. Ce dernier qui a \u00e9t\u00e9 pr\u00eat\u00e9 par le PAC pour une seule saison, n\u2019est pas encore fix\u00e9 sur son avenir puisque d\u2019apr\u00e8s les informations que nous poss\u00e9dons, le pr\u00e9sident du club alg\u00e9rois refuse cat\u00e9goriquement de prolonger le pr\u00eat du joueur, pr\u00e9f\u00e9rant le c\u00e9der \u00e0 une autre \u00e9quipe. D\u2019ailleurs, m\u00eame la direction de la JSK avait compris le message du pr\u00e9sident du PAC lequel est pr\u00eat \u00e0 n\u00e9gocier avec n\u2019importe quelle formation sauf avec les Jaune et Vert, et ce, par rapport au diff\u00e9rend qui existe entre les deux parties. Cependant, et \u00e0 en croire nos informations, le milieu de terrain, et apr\u00e8s avoir pass\u00e9 quelques jours de vacance en Tunisie, n\u2019a lui aussi pas trouv\u00e9 un accord avec le Paradou. Alors que les Pacistes souhaitent le pr\u00eater \u00e0 l\u2019ESS ou au MCA, l\u2019ancien capitaine a refus\u00e9 cette option. Pour lui, ce sera soit la JSK ou rien puisqu\u2019il se sent tr\u00e8s \u00e0 l\u2019aise avec la formation kabyle, qui en une ann\u00e9e, lui a permis de progresser et de donner une autre dimension \u00e0 sa carri\u00e8re. Il souhaite poursuivre son aventure avec les Canaris et participer pour la premi\u00e8re fois de sa carri\u00e8re \u00e0 une prestigieuse comp\u00e9tition, la Ligue des Champions d\u2019Afrique.<\/p>\n<p><strong>Sa situation, un vrai casse-t\u00eate pour le club alg\u00e9rois<\/strong><br \/>Le moins que l\u2019on puisse dire est que le cas Benkhelifa est devenu un casse- t\u00eate pour le Paradou. Alors qu\u2019il \u00e9tait question de le transf\u00e9rer soit \u00e0 l\u2019ESS soit au MCA, le joueur et lorsqu\u2019il en a \u00e9t\u00e9 inform\u00e9, a sans h\u00e9sitation refus\u00e9. Il a fait savoir \u00e0 ses dirigeants que dans sa t\u00eate, il restera \u00e0 la JSK, un club qui lui a permis de progresser. Et comme il est difficile de transf\u00e9rer un joueur contre son gr\u00e9, la direction du club alg\u00e9rois pourrait c\u00e9der \u00e0 la pression du joueur, qui jusqu\u2019\u00e0 pr\u00e9sent refuse d\u2019entendre parler d\u2019une autre \u00e9quipe que la JSK.<\/p>\n<p><strong>Il a refus\u00e9 toutes les propositions\u00a0<\/strong><br \/>Une fois son contrat d\u2019une ann\u00e9e avec la JSK expir\u00e9, les dirigeants du PAC se sont r\u00e9unis avec Karim Benkhelifa pour lui faire part de la d\u00e9cision qu\u2019ils avaient prise, celle de le transf\u00e9rer dans un autre club. Mais \u00e0 croire nos sources, le joueur, tr\u00e8s ferme, refuse tout autre d\u00e9cision que celle qui lui permettrait de rester \u00e0 la JSK. D\u2019ailleurs, il a pr\u00e9f\u00e9r\u00e9 partir en vacances avant de rencontrer, une deuxi\u00e8me fois, ses dirigeants. Mais au moment o\u00f9 nous mettons sous presse, aucun accord n\u2019a \u00e9t\u00e9 trouv\u00e9. Les jours passent et Benkhelifa commence vraiment \u00e0 s\u2019inqui\u00e9ter.<\/p>\n<p><strong>Un rendez-vous de la derni\u00e8re chance ce lundi ou mardi<\/strong><br \/>Par ailleurs, une source proche de la direction kabyle, la personne charg\u00e9e du dossier Benkhelifa, devrait discuter avec le pr\u00e9sident du PAC lundi ou mardi pour essayer de trancher d\u00e9finitivement sur ce cas. Autrement dit, c\u2019est dans la semaine qu\u2019on saura officiellement si Benkhelifa restera ou pas \u00e0 la JSK.<br \/>\u00a0<\/p>\n<\/div>\n<p>Auteur:<br \/>\n<a href=\"http:\/\/www.lebuteur.com\/article\/detail?titre=jsk-benkhelifa-refuse-de-jouer-ailleurs-qua-la-jsk&#038;id=89789&#038;utm_source=feedburner&#038;utm_medium=feed&#038;utm_campaign=Feed%3A+GalerieFArtciles+%28Les+derniers+articles++-+lebuteur.com%29\">Cliquez ici pour lire l&rsquo;article depuis sa source.<\/a><\/p>\n","protected":false},"excerpt":{"rendered":"<p>Auteur : Sa\u00efd D. dimanche 23 juin 2019 17:41 Alors que le recrutement s\u2019acc\u00e9l\u00e8re du c\u00f4t\u00e9 de la JSK puisque le club kabyle a d\u00e9j\u00e0 assur\u00e9 les services de cinq nouvelles recrues et une semaine seulement avant la reprise des entra\u00eenements, qui est programm\u00e9e pour ce samedi \u00e0 Tizi Ouzou, les responsables kabyles n\u2019ont toujours [&hellip;]<\/p>\n","protected":false},"author":1738,"featured_media":42185,"comment_status":"closed","ping_status":"closed","sticky":false,"template":"","format":"standard","meta":{"fifu_image_url":"","fifu_image_alt":"","footnotes":""},"categories":[53,75],"tags":[],"class_list":["post-42184","post","type-post","status-publish","format-standard","has-post-thumbnail","hentry","category-algerie","category-sport"],"_links":{"self":[{"href":"https:\/\/linitiative.ca\/International\/wp-json\/wp\/v2\/posts\/42184","targetHints":{"allow":["GET"]}}],"collection":[{"href":"https:\/\/linitiative.ca\/International\/wp-json\/wp\/v2\/posts"}],"about":[{"href":"https:\/\/linitiative.ca\/International\/wp-json\/wp\/v2\/types\/post"}],"author":[{"embeddable":true,"href":"https:\/\/linitiative.ca\/International\/wp-json\/wp\/v2\/users\/1738"}],"replies":[{"embeddable":true,"href":"https:\/\/linitiative.ca\/International\/wp-json\/wp\/v2\/comments?post=42184"}],"version-history":[{"count":0,"href":"https:\/\/linitiative.ca\/International\/wp-json\/wp\/v2\/posts\/42184\/revisions"}],"wp:featuredmedia":[{"embeddable":true,"href":"https:\/\/linitiative.ca\/International\/wp-json\/"}],"wp:attachment":[{"href":"https:\/\/linitiative.ca\/International\/wp-json\/wp\/v2\/media?parent=42184"}],"wp:term":[{"taxonomy":"category","embeddable":true,"href":"https:\/\/linitiative.ca\/International\/wp-json\/wp\/v2\/categories?post=42184"},{"taxonomy":"post_tag","embeddable":true,"href":"https:\/\/linitiative.ca\/International\/wp-json\/wp\/v2\/tags?post=42184"}],"curies":[{"name":"wp","href":"https:\/\/api.w.org\/{rel}","templated":true}]}}