{"id":42203,"date":"2019-06-23T15:19:30","date_gmt":"2019-06-23T19:19:30","guid":{"rendered":"https:\/\/linitiative.ca\/International\/cour-supreme-poursuite-des-auditions\/"},"modified":"2019-06-23T15:19:30","modified_gmt":"2019-06-23T19:19:30","slug":"cour-supreme-poursuite-des-auditions","status":"publish","type":"post","link":"https:\/\/linitiative.ca\/International\/cour-supreme-poursuite-des-auditions\/","title":{"rendered":"Cour supr\u00eame  :  Poursuite des auditions"},"content":{"rendered":"<p>Des nouvelles auditions de hauts responsables, anciens et actuels, par le magistrat instructeur de la Cour supr\u00eame seront de nouveau relanc\u00e9es au courant de cette semaine.<br \/>Les concern\u00e9s seraient impliqu\u00e9s dans des faits de corruption et sont poursuivis pour une s\u00e9rie de griefs se rapportant notamment au d\u00e9tournement de deniers publics, infraction au code des march\u00e9s publics, octroi d\u2019indus privil\u00e8ges\u2026<br \/>Autant de griefs qui d\u00e9notent de l\u2019ampleur de la pr\u00e9dation et des ramifications tentaculaires de la pratique de la corruption, un fl\u00e9au que la justice alg\u00e9rienne s\u2019emploie \u00e0 \u00e9radiquer \u00e0 travers l\u2019op\u00e9ration \u00abMains propres\u00bb enclench\u00e9e depuis quelques semaines et qui s\u2019est traduite par des r\u00e9sultats historiques.<br \/>\u00a0Une op\u00e9ration qui s\u2019est mat\u00e9rialis\u00e9e par l\u2019ouverture en instruction de plusieurs dossiers en cours de traitement par le parquet g\u00e9n\u00e9ral pr\u00e8s la cour d\u2019Alger, par la Cour supr\u00eame o\u00f9 sont convoqu\u00e9s les hauts responsables en vertu de l\u2019article 573 du code de proc\u00e9dure p\u00e9nal.\u00a0 La semaine derni\u00e8re, le parquet g\u00e9n\u00e9ral pr\u00e8s la Cour d\u2019Alger avait transmis, rappelle-t-on au procureur g\u00e9n\u00e9ral de la Cour supr\u00eame le dossier de l\u2019affaire Tahkout Mahieddine en vue de l\u2019audition, d\u00e8s cette semaine, de hauts responsables, il s\u2019agit d\u2019Ahmed Ouyahia, ex-Premier ministre, d\u2019Abdelkader Benmessaoud, ministre du Tourisme en exercice et ex-wali de Tissemsilt, d\u2019Abdelghani Zaalane, ex-ministre des Travaux publics et des Transports, de Youcef Yousfi, ex-ministre de l\u2019Industrie et des Mines, d\u2019Abdelkader Zoukh, ex-wali d\u2019Alger, de Sif El Islam Louh, actuel wali de Sa\u00efda, de Djeloul Boukerbila, ex-wali de Sa\u00efda, d\u2019Abdellah Benmansour, ex-wali d\u2019El Bayadh, de Mohamed Djamel Khenfar, wali d\u2019El Bayadh et de Fouzi Benhocine, ex-wali de Chlef et de Skikda.<br \/>Rappelons \u00e9galement qu\u2019en mai dernier, le parquet g\u00e9n\u00e9ral pr\u00e8s la Cour d\u2019Alger avait \u00e9galement adress\u00e9 \u00e0 la Cour supr\u00eame le dossier des 12 responsables impliqu\u00e9s dans l\u2019affaire Haddad. Dans ce cadre quatre anciens ministres n\u2019ont pas \u00e9t\u00e9 encore auditionn\u00e9s. Il s\u2019agit d\u2019Abdelkader Bouazghi, d\u2019Amar Ghoul, d\u2019Abdesselem Bouchouareb et de Boudjema Tala\u00ef.<br \/>A propos de ce dernier, la commission juridique devait se r\u00e9unir hier pour statuer sur la lev\u00e9e de son immunit\u00e9 parlementaire r\u00e9clam\u00e9e par le minist\u00e8re de la Justice. En outre, et dans le cadre du traitement de l\u2019affaire Haddad, deux anciens cadre du minist\u00e8re de l\u2019Industrie auraient \u00e9t\u00e9 auditionn\u00e9s hier par le magistrat instructeur de la Cour supr\u00eame. Selon plusieurs sources concordantes, les concern\u00e9s auraient \u00e9t\u00e9 entendus dans une affaire d\u2019octroi d\u2019indus privil\u00e8ges conc\u00e9d\u00e9s au \u00abTycoon\u00bb alg\u00e9rien op\u00e9rant dans les travaux publics ainsi que de passations de march\u00e9s ill\u00e9gales.<br \/>Rappelons, par ailleurs, qu\u2019au moment de son installation en tant que premier Pr\u00e9sident de la Cour supr\u00eame, Abderrachid Tabi avait soutenu que \u00ables grands d\u00e9fis qui se posent au secteur de la justice en cette p\u00e9riode interpellent magistrats, fonctionnaires et auxiliaires de justice, notamment le collectif de d\u00e9fense, quant \u00e0 l\u2019imp\u00e9ratif d\u2019intensifier les efforts et d\u2019unifier les rangs pour \u00eatre \u00e0 la hauteur des aspirations du peuple qui a exprim\u00e9 son souhait de vivre au sein d\u2019une soci\u00e9t\u00e9 juste, ambition l\u00e9gitime, r\u00e9gie par un pouvoir judiciaire ind\u00e9pendant dont tous les membres doivent faire preuve d\u2019\u00e9thique et mener \u00e0 bien, chacun en ce qui le concerne, les r\u00f4les qui leur sont assign\u00e9s.\u00bb<br \/>Karim Aoudia<\/p>\n<p>Auteur: elmoudjahid<br \/>\n<a href=\"http:\/\/www.elmoudjahid.com\/fr\/actualites\/138475\">Cliquez ici pour lire l&rsquo;article depuis sa source.<\/a><\/p>\n","protected":false},"excerpt":{"rendered":"<p>Des nouvelles auditions de hauts responsables, anciens et actuels, par le magistrat instructeur de la Cour supr\u00eame seront de nouveau relanc\u00e9es au courant de cette semaine.Les concern\u00e9s seraient impliqu\u00e9s dans des faits de corruption et sont poursuivis pour une s\u00e9rie de griefs se rapportant notamment au d\u00e9tournement de deniers publics, infraction au code des march\u00e9s [&hellip;]<\/p>\n","protected":false},"author":1744,"featured_media":0,"comment_status":"closed","ping_status":"closed","sticky":false,"template":"","format":"standard","meta":{"fifu_image_url":"","fifu_image_alt":"","footnotes":""},"categories":[73,53],"tags":[],"class_list":["post-42203","post","type-post","status-publish","format-standard","hentry","category-actualite","category-algerie"],"_links":{"self":[{"href":"https:\/\/linitiative.ca\/International\/wp-json\/wp\/v2\/posts\/42203","targetHints":{"allow":["GET"]}}],"collection":[{"href":"https:\/\/linitiative.ca\/International\/wp-json\/wp\/v2\/posts"}],"about":[{"href":"https:\/\/linitiative.ca\/International\/wp-json\/wp\/v2\/types\/post"}],"author":[{"embeddable":true,"href":"https:\/\/linitiative.ca\/International\/wp-json\/wp\/v2\/users\/1744"}],"replies":[{"embeddable":true,"href":"https:\/\/linitiative.ca\/International\/wp-json\/wp\/v2\/comments?post=42203"}],"version-history":[{"count":0,"href":"https:\/\/linitiative.ca\/International\/wp-json\/wp\/v2\/posts\/42203\/revisions"}],"wp:attachment":[{"href":"https:\/\/linitiative.ca\/International\/wp-json\/wp\/v2\/media?parent=42203"}],"wp:term":[{"taxonomy":"category","embeddable":true,"href":"https:\/\/linitiative.ca\/International\/wp-json\/wp\/v2\/categories?post=42203"},{"taxonomy":"post_tag","embeddable":true,"href":"https:\/\/linitiative.ca\/International\/wp-json\/wp\/v2\/tags?post=42203"}],"curies":[{"name":"wp","href":"https:\/\/api.w.org\/{rel}","templated":true}]}}