{"id":42204,"date":"2019-06-23T15:19:31","date_gmt":"2019-06-23T19:19:31","guid":{"rendered":"https:\/\/linitiative.ca\/International\/formation-environnementale-renforcer-les-capacites-des-journalistes\/"},"modified":"2019-06-23T15:19:31","modified_gmt":"2019-06-23T19:19:31","slug":"formation-environnementale-renforcer-les-capacites-des-journalistes","status":"publish","type":"post","link":"https:\/\/linitiative.ca\/International\/formation-environnementale-renforcer-les-capacites-des-journalistes\/","title":{"rendered":"Formation environnementale   : Renforcer les capacit\u00e9s des journalistes"},"content":{"rendered":"<p>Le minist\u00e8re de l\u2019Environnement et des Energies renouvelables, \u00e0 travers le CNFE, a entam\u00e9\u00a0 un programme de renforcement des capacit\u00e9s au profit des journalistes dans le domaine de l\u2019environnement, des \u00e9nergies renouvelables et du d\u00e9veloppement durable.<br \/>La c\u00e9r\u00e9monie de lancement, qui s\u2019est d\u00e9roul\u00e9e au Centre International de Conf\u00e9rences d&rsquo;Alger, a \u00e9t\u00e9 pr\u00e9sid\u00e9e par le ministre de la Communication et porte-parole du gouvernement, M. Hassane Rabhi, et Mme Fatima-Zohra Zerouati, la ministre de l\u2019Environnement et des \u00c9nergies renouvelables.<br \/>\u00abCette synergie \u00e9tablie entre nos deux minist\u00e8res nous a permis de r\u00e9unir toutes les conditions garantissant le bon d\u00e9roulement de ces journ\u00e9es de formation de sorte qu\u2019on puisse renforcer davantage leurs connaissances g\u00e9n\u00e9rales et offrir les conditions idoines pour une sorte de sp\u00e9cialisation\u00bb, a d\u00e9clar\u00e9 le porte-parole du gouvernement.<br \/>M. Rabhi a affirm\u00e9 que ce domaine constitue un des d\u00e9fis important de l\u2019heure et que le gouvernement alg\u00e9rien est conscient de la n\u00e9cessit\u00e9 de prendre en compte la question de l\u2019impact sur l\u2019environnement.<br \/>Aussi, le ministre a fait savoir que cette formation constitue le pr\u00e9lude d\u2019une s\u00e9rie d\u2019autres journ\u00e9es qui vont porter sur d\u2019autres th\u00e8mes tels que : la sant\u00e9, le travail, l\u2019agriculture et la justice. \u00abLe but \u00e9tant que la corporation des m\u00e9dias puisse avoir une meilleure connaissance de ces sujets auxquels la soci\u00e9t\u00e9 accorde une importance particuli\u00e8re\u00bb, a-t-il dit.<br \/>Par ailleurs, et en ce qui concerne \u00abla d\u00e9livrance de la carte professionnelle du journaliste sp\u00e9cialis\u00e9\u00bb, M. Rabhi a indiqu\u00e9 que son d\u00e9partement a convi\u00e9 les membres de la corporation aux fins de travailler en \u00e9troite collaboration pour introduire les r\u00e9formes n\u00e9cessaires au secteur de la communication, au mieux des int\u00e9r\u00eats de tous les partenaires. \u00abParmi les propositions qui ont \u00e9t\u00e9 faites, c\u2019est justement la constitution d\u2019une commission qui aura pour mission la d\u00e9livrance d\u2019une carte du journaliste\u00bb, a-t-il annonc\u00e9 avant d\u2019ajouter : \u00abJ\u2019estime que c\u2019est \u00e0 cette instance que va revenir la responsabilit\u00e9 de d\u00e9cider de l\u2019octroi de la carte du journaliste professionnel\u00bb.<br \/>De son c\u00f4t\u00e9 la ministre de l\u2019Environnement a fait savoir que les sessions de formation qui concerneront 720 journalistes se d\u00e9roulerons au niveau des annexes du conservatoire national des formations en environnement des wilayas. \u00abCe programme permettra d\u2019offrir les connaissances de base en vue d\u2019\u00e9lever le niveau de conscience et susciter la responsabilit\u00e9 pour la pr\u00e9servation et la protection de l\u2019environnement qui se traduira par un changement de comportement respectueux de l\u2019environnement\u00bb, a-t-elle dit.<br \/>Le programme portera sur les th\u00e9matiques suivantes : gestion int\u00e9gr\u00e9e des d\u00e9chets, \u00e9ducation environnementale pour un d\u00e9veloppement durable, conservation de la biodiversit\u00e9, production propre et consommation durable, \u00e9nergie renouvelable et \u00e9conomie verte. D\u2019autres objectifs de cette formation concernent l\u2019am\u00e9lioration de la qualit\u00e9 de l\u2019information diffus\u00e9e \u00e0 travers les diff\u00e9rents m\u00e9dias, et la cr\u00e9ation d\u2019un r\u00e9seau de journalistes sp\u00e9cialis\u00e9s dans le domaine de la communication environnementale qui jouera un r\u00f4le effectif dans la g\u00e9n\u00e9ralisation de l\u2019\u00e9ducation environnementale.<br \/>Les premi\u00e8res sessions de ce programme d\u00e9buteront simultan\u00e9ment \u00e0 Alger, Tipasa, Boumerd\u00e8s, Blida, Oran, Mostaganem et Sidi Bel-Abb\u00e8s, le 23 juin 2019, pour une dur\u00e9e de dix jours et se poursuivront tout au long de l&rsquo;ann\u00e9e.<br \/>Cette formation sera encadr\u00e9e par le Conservatoire national des formations \u00e0 l&rsquo;environnement (CNFE) qui est sous tutelle du minist\u00e8re de l\u2019Environnement et des Energies renouvelables et dispens\u00e9e par des experts sp\u00e9cialis\u00e9s dans le domaine de l\u2019environnement et des \u00e9nergies renouvelables.<\/p>\n<p><strong>\u00ab L\u2019\u00e8re du financement\u00a0 non conventionnel est r\u00e9volue. \u00bb<\/strong><\/p>\n<p>\u00abL&rsquo;Alg\u00e9rie n&rsquo;aura pas recours \u00e0 l&rsquo;endettement ext\u00e9rieur en d\u00e9pit des difficult\u00e9s financi\u00e8res, et l&rsquo;\u00e8re du financement non conventionnel adopt\u00e9 par l&rsquo;Alg\u00e9rie depuis quelques ann\u00e9es, est bel et bien r\u00e9volu\u00bb, a annonc\u00e9 le ministre et porte-parole du gouvernement en marge de la c\u00e9r\u00e9monie.<br \/>M. Rabhi a affirm\u00e9 que le gouvernement avait pris des mesures devant permettre au pays d&rsquo;\u00e9viter les risques qui pourraient porter pr\u00e9judice \u00e0 l&rsquo;\u00e9conomie nationale.<br \/>\u00abLa pr\u00e9servation du pays, de l&rsquo;\u00e9conomie et ses institutions nationales est la responsabilit\u00e9 de tout un chacun\u00bb, a-t-il fortement soulign\u00e9. Le porte-parole du gouvernement a fait remarquer que l&rsquo;Alg\u00e9rie dispose de r\u00e9serves de change lui permettant d&rsquo;\u00e9viter le sc\u00e9nario de l\u2019endettement ext\u00e9rieur. \u00abNotre pays se portera mieux dans un proche avenir et ce, gr\u00e2ce au travail s\u00e9rieux, l&rsquo;exploitation des atouts du pays et le renforcement du dialogue\u00bb, a-t-il dit.<\/p>\n<p><strong>\u00ab Le gouvernement actuel g\u00e8re\u00a0 les affaires courantes avec\u00a0 responsabilit\u00e9 et efficacit\u00e9.\u2008\u00bb<\/strong><\/p>\n<p>M. Rabhi a not\u00e9 que l\u2019actuel gouvernement veille \u00e0 la gestion des affaires courantes de l&rsquo;Etat, avec \u00abresponsabilit\u00e9 et efficacit\u00e9\u00bb et ce, \u00e0 travers la prise de d\u00e9cisions visant \u00e0 prendre en charge les pr\u00e9occupations du citoyen et \u00e0 am\u00e9liorer ses conditions de vie.<br \/>Soulignant, dans ce contexte, le r\u00f4le et la responsabilit\u00e9 de la presse, le ministre, qui a dit appr\u00e9cier le travail qui est fait.\u2008Il exprimera le v\u0153u de voir le journaliste faire montre de responsabilit\u00e9 au vu de ce que traverse le pays, qui a besoin d&rsquo;une convergence de vues pour franchir cette \u00e9tape au mieux de ses int\u00e9r\u00eats, de sa stabilit\u00e9 et des conditions \u00e0 m\u00eame d&rsquo;arriver \u00e0 une \u00e9tape qualitative qui profitera au citoyen dans les diff\u00e9rents domaines \u00e9conomique, politique et culturel. Il y a lieu de rappeler que sur les 6.556,2 milliards de DA (mds DA), mobilis\u00e9s par le Tr\u00e9sor aupr\u00e8s de la Banque d&rsquo;Alg\u00e9rie (BA) au titre de la mise en \u0153uvre du financement non conventionnel entre la mi-novembre 2017 et fin janvier 2019, 3.114,4 mds de DA ont \u00e9t\u00e9 inject\u00e9s dans l&rsquo;\u00e9conomie, soit pr\u00e8s de la moiti\u00e9, selon une note de la Banque d&rsquo;Alg\u00e9rie (BA).<br \/>Selon la note qui fait le point sur la mise en \u0153uvre de ce financement, un solde de 945,1 mds de DA est abrit\u00e9 au compte de Tr\u00e9sor aupr\u00e8s de la BA et donc non encore inject\u00e9 dans l\u2019\u00e9conomie.<br \/>Un montant de 656,7 mds de DA est log\u00e9 dans le compte du Fonds national d\u2019investissement (FNI) aupr\u00e8s du Tr\u00e9sor dans la perspective de son utilisation, en fonction des besoins av\u00e9r\u00e9s, alors qu\u2019un montant de 1.830 mds de DA fait l\u2019objet d\u2019une st\u00e9rilisation par la Banque d\u2019Alg\u00e9rie, \u00e0 travers ses diff\u00e9rents instruments. Sur l\u2019encours global mobilis\u00e9 (les 6.556,2 mds de DA), un montant de 2.470 mds DA a servi au financement du d\u00e9ficit du Tr\u00e9sor, au titre des ann\u00e9es 2017 et 2018 et partiellement au titre de l\u2019exercice 2019, selon la BA. Un montant de 1.813 mds DA a, d\u2019autre part, contribu\u00e9 au remboursement de la dette publique \u00e0 l\u2019\u00e9gard des entreprises nationales Sonatrach et Sonelgaz, ainsi qu\u2019au financement du remboursement de l\u2019emprunt obligataire pour la croissance.\u00a0<br \/>En outre, 500 mds DA ont \u00e9t\u00e9 destin\u00e9s \u00e0 la Caisse nationale de retraite (CNR) pour le refinancement de sa dette \u00e0 l\u2019\u00e9gard de la CNAS. Selon la m\u00eame source, ce financement a permis \u00e9galement d\u2019alimenter le Fonds national d\u2019investissement (FNI) d\u2019un montant de 1.773,2 mds de DA, destin\u00e9 aux op\u00e9rations de financement des programmes de logements AADL, du d\u00e9ficit de la CNR et de projets structurants.<br \/>Sarah A. Benali Cherif<\/p>\n<p>Auteur: elmoudjahid<br \/>\n<a href=\"http:\/\/www.elmoudjahid.com\/fr\/actualites\/138476\">Cliquez ici pour lire l&rsquo;article depuis sa source.<\/a><\/p>\n","protected":false},"excerpt":{"rendered":"<p>Le minist\u00e8re de l\u2019Environnement et des Energies renouvelables, \u00e0 travers le CNFE, a entam\u00e9\u00a0 un programme de renforcement des capacit\u00e9s au profit des journalistes dans le domaine de l\u2019environnement, des \u00e9nergies renouvelables et du d\u00e9veloppement durable.La c\u00e9r\u00e9monie de lancement, qui s\u2019est d\u00e9roul\u00e9e au Centre International de Conf\u00e9rences d&rsquo;Alger, a \u00e9t\u00e9 pr\u00e9sid\u00e9e par le ministre de [&hellip;]<\/p>\n","protected":false},"author":1744,"featured_media":0,"comment_status":"closed","ping_status":"closed","sticky":false,"template":"","format":"standard","meta":{"fifu_image_url":"","fifu_image_alt":"","footnotes":""},"categories":[73,53],"tags":[],"class_list":["post-42204","post","type-post","status-publish","format-standard","hentry","category-actualite","category-algerie"],"_links":{"self":[{"href":"https:\/\/linitiative.ca\/International\/wp-json\/wp\/v2\/posts\/42204","targetHints":{"allow":["GET"]}}],"collection":[{"href":"https:\/\/linitiative.ca\/International\/wp-json\/wp\/v2\/posts"}],"about":[{"href":"https:\/\/linitiative.ca\/International\/wp-json\/wp\/v2\/types\/post"}],"author":[{"embeddable":true,"href":"https:\/\/linitiative.ca\/International\/wp-json\/wp\/v2\/users\/1744"}],"replies":[{"embeddable":true,"href":"https:\/\/linitiative.ca\/International\/wp-json\/wp\/v2\/comments?post=42204"}],"version-history":[{"count":0,"href":"https:\/\/linitiative.ca\/International\/wp-json\/wp\/v2\/posts\/42204\/revisions"}],"wp:attachment":[{"href":"https:\/\/linitiative.ca\/International\/wp-json\/wp\/v2\/media?parent=42204"}],"wp:term":[{"taxonomy":"category","embeddable":true,"href":"https:\/\/linitiative.ca\/International\/wp-json\/wp\/v2\/categories?post=42204"},{"taxonomy":"post_tag","embeddable":true,"href":"https:\/\/linitiative.ca\/International\/wp-json\/wp\/v2\/tags?post=42204"}],"curies":[{"name":"wp","href":"https:\/\/api.w.org\/{rel}","templated":true}]}}