{"id":42205,"date":"2019-06-23T15:19:32","date_gmt":"2019-06-23T19:19:32","guid":{"rendered":"https:\/\/linitiative.ca\/International\/mme-zerouati-le-role-des-medias-est-important-et-primordial\/"},"modified":"2019-06-23T15:19:32","modified_gmt":"2019-06-23T19:19:32","slug":"mme-zerouati-le-role-des-medias-est-important-et-primordial","status":"publish","type":"post","link":"https:\/\/linitiative.ca\/International\/mme-zerouati-le-role-des-medias-est-important-et-primordial\/","title":{"rendered":"Mme Zerouati   :  Le r\u00f4le des m\u00e9dias  est important et primordial"},"content":{"rendered":"<p>La ministre de l&rsquo;Environnement, Mme Zerouati a indiqu\u00e9 que \u00ables m\u00e9dias ont un r\u00f4le important et primordial pour le d\u00e9veloppement des \u00e9conomies des pays et la lutte contre tout ce qui entrave les processus de d\u00e9veloppement, en vue d&rsquo;impulser les opportunit\u00e9s d&rsquo;investissement et les pratiques soci\u00e9tales et rectifier les tirs, notamment en ce qui concerne les initiatives nuisibles \u00e0 l&rsquo;environnement\u00bb.<br \/>La ministre a ajout\u00e9 que la pr\u00e9servation de l&rsquo;environnement est d\u00e9sormais \u00abun important d\u00e9fi que le monde doit relever et il est n\u00e9cessaire de consolider et de renforcer les capacit\u00e9s des journalistes, d&rsquo;\u00e9largir leurs connaissances en mati\u00e8re d&rsquo;environnement et d&rsquo;acc\u00e8s \u00e0 l&rsquo;information scientifique et technique, en vue d&rsquo;enrichir leur jargon pour leur permettre de mieux orienter et sensibiliser la soci\u00e9t\u00e9 sur les questions environnementales\u00bb.<br \/>La ministre a indiqu\u00e9 que le programme de formation s&rsquo;inscrivait dans le cadre de l&rsquo;accord de partenariat conclu entre les deux d\u00e9partements minist\u00e9riels, le 7 mars 2019. Ce programme permettra aux journalistes d&rsquo;\u00abacqu\u00e9rir des comp\u00e9tences et des nouvelles connaissances approfondies sur la protection de l&rsquo;environnement, les \u00e9nergies renouvelables et le d\u00e9veloppement durable et contribuer \u00e0 la cons\u00e9cration de la culture environnementale \u00e0 travers la sensibilisation en mati\u00e8re de pr\u00e9servation d&rsquo;environnement\u00bb, a-t-elle pr\u00e9cis\u00e9. Mme Zerouati a soulign\u00e9 que \u00abce programme est destin\u00e9 aux journalistes, les m\u00e9dias \u00e9tant le meilleur moyen de transmettre l&rsquo;information au grand public et l&rsquo;un des fondements de toute politique visant la pr\u00e9servation de l&rsquo;environnement avec toutes ses composantes naturelles.<br \/>Ces sessions permettront la formation \u00abd&rsquo;un r\u00e9seau de journalistes sp\u00e9cialis\u00e9s dans le domaine de l&rsquo;environnement afin de cr\u00e9er une plate-forme de communication destin\u00e9e \u00e0 ce volet\u00bb.<\/p>\n<p>Auteur: elmoudjahid<br \/>\n<a href=\"http:\/\/www.elmoudjahid.com\/fr\/actualites\/138477\">Cliquez ici pour lire l&rsquo;article depuis sa source.<\/a><\/p>\n","protected":false},"excerpt":{"rendered":"<p>La ministre de l&rsquo;Environnement, Mme Zerouati a indiqu\u00e9 que \u00ables m\u00e9dias ont un r\u00f4le important et primordial pour le d\u00e9veloppement des \u00e9conomies des pays et la lutte contre tout ce qui entrave les processus de d\u00e9veloppement, en vue d&rsquo;impulser les opportunit\u00e9s d&rsquo;investissement et les pratiques soci\u00e9tales et rectifier les tirs, notamment en ce qui concerne [&hellip;]<\/p>\n","protected":false},"author":1744,"featured_media":0,"comment_status":"closed","ping_status":"closed","sticky":false,"template":"","format":"standard","meta":{"fifu_image_url":"","fifu_image_alt":"","footnotes":""},"categories":[73,53],"tags":[],"class_list":["post-42205","post","type-post","status-publish","format-standard","hentry","category-actualite","category-algerie"],"_links":{"self":[{"href":"https:\/\/linitiative.ca\/International\/wp-json\/wp\/v2\/posts\/42205","targetHints":{"allow":["GET"]}}],"collection":[{"href":"https:\/\/linitiative.ca\/International\/wp-json\/wp\/v2\/posts"}],"about":[{"href":"https:\/\/linitiative.ca\/International\/wp-json\/wp\/v2\/types\/post"}],"author":[{"embeddable":true,"href":"https:\/\/linitiative.ca\/International\/wp-json\/wp\/v2\/users\/1744"}],"replies":[{"embeddable":true,"href":"https:\/\/linitiative.ca\/International\/wp-json\/wp\/v2\/comments?post=42205"}],"version-history":[{"count":0,"href":"https:\/\/linitiative.ca\/International\/wp-json\/wp\/v2\/posts\/42205\/revisions"}],"wp:attachment":[{"href":"https:\/\/linitiative.ca\/International\/wp-json\/wp\/v2\/media?parent=42205"}],"wp:term":[{"taxonomy":"category","embeddable":true,"href":"https:\/\/linitiative.ca\/International\/wp-json\/wp\/v2\/categories?post=42205"},{"taxonomy":"post_tag","embeddable":true,"href":"https:\/\/linitiative.ca\/International\/wp-json\/wp\/v2\/tags?post=42205"}],"curies":[{"name":"wp","href":"https:\/\/api.w.org\/{rel}","templated":true}]}}