{"id":42226,"date":"2019-06-23T13:23:00","date_gmt":"2019-06-23T17:23:00","guid":{"rendered":"https:\/\/linitiative.ca\/International\/demantelement-dun-reseau-de-trafic-de-drogue-a-mostaganem-plus-de-24-kg-de-kif-traite-saisis-a-sour\/"},"modified":"2019-06-23T13:23:00","modified_gmt":"2019-06-23T17:23:00","slug":"demantelement-dun-reseau-de-trafic-de-drogue-a-mostaganem-plus-de-24-kg-de-kif-traite-saisis-a-sour","status":"publish","type":"post","link":"https:\/\/linitiative.ca\/International\/demantelement-dun-reseau-de-trafic-de-drogue-a-mostaganem-plus-de-24-kg-de-kif-traite-saisis-a-sour\/","title":{"rendered":"DEMANTELEMENT D\u2019UN RESEAU DE TRAFIC DE DROGUE A MOSTAGANEM  : Plus de 24 kg de  kif trait\u00e9 saisis \u00e0 Sour"},"content":{"rendered":"<p><br id=\"sep_para_1\" class=\"sep_para access\"\/><\/p>\n<div id=\"para_1\" class=\"para_31841304 resize\">\n<div class=\"photo shadow left\"><a href=\"javascript:void(0)\" rel=\"https:\/\/www.reflexiondz.net\/photo\/art\/grande\/35020836-31841304.jpg?v=1561318343&#038;ibox\" title=\"DEMANTELEMENT D\u2019UN RESEAU DE TRAFIC DE DROGUE A MOSTAGANEM : Plus de 24 kg de kif trait\u00e9 saisis \u00e0 Sour\"><img decoding=\"async\" class=\"responsive c9\" src=\"https:\/\/www.reflexiondz.net\/photo\/art\/grande\/35020836-31841304.jpg?v=1561318343\" alt=\"DEMANTELEMENT D\u2019UN RESEAU DE TRAFIC DE DROGUE A MOSTAGANEM : Plus de 24 kg de kif trait\u00e9 saisis \u00e0 Sour\" title=\"DEMANTELEMENT D\u2019UN RESEAU DE TRAFIC DE DROGUE A MOSTAGANEM : Plus de 24 kg de kif trait\u00e9 saisis \u00e0 Sour\"\/><img decoding=\"async\" class=\"not-responsive\" src=\"https:\/\/www.reflexiondz.net\/photo\/art\/default\/35020836-31841304.jpg?v=1561318345\" alt=\"DEMANTELEMENT D\u2019UN RESEAU DE TRAFIC DE DROGUE A MOSTAGANEM : Plus de 24 kg de kif trait\u00e9 saisis \u00e0 Sour\" title=\"DEMANTELEMENT D\u2019UN RESEAU DE TRAFIC DE DROGUE A MOSTAGANEM : Plus de 24 kg de kif trait\u00e9 saisis \u00e0 Sour\"\/><\/a><\/div>\n<div class=\"texte access firstletter\">Dans le cadre de la lutte contre la criminalit\u00e9 sous toutes ses formes et plus particuli\u00e8rement le trafic de drogue qui semble prendre une ampleur des plus\u00a0 inqui\u00e9tantes depuis ces derni\u00e8res semaines, les \u00e9l\u00e9ments de la police judiciaire de la s\u00fbret\u00e9 urbaine externe de la ville de Sour, qui rel\u00e8ve de la commune d\u2019Ain Tedles,\u00a0 ont mis fin aux activit\u00e9s\u00a0 n\u00e9fastes\u00a0 d\u2019un dangereux r\u00e9seau, sp\u00e9cialis\u00e9\u00a0 dans la commercialisation interdite de drogue \u00e0 travers les wilayas de l\u2019ouest du pays. Ce d\u00e9mant\u00e8lement fait suite\u00a0 \u00e0 une \u2018\u2019ronde\u2019\u2019 effectu\u00e9e par les policiers qui ont appr\u00e9hend\u00e9 deux individus\u00a0 en possession d\u2019une quantit\u00e9 de drogue. Apr\u00e8s avoir inform\u00e9 le procureur de la R\u00e9publique\u00a0 du tribunal d\u2019Ain Tedles\u00a0 et la prise de toutes les mesures judiciaires, les \u00e9l\u00e9ments de la police judiciaire\u00a0 se sont lanc\u00e9s dans les investigations portant sur cette affaire. L\u2019op\u00e9ration s\u2019est sold\u00e9e par l\u2019arrestation de 06 personnes dont l\u2019\u00e2ge varie\u00a0 entre\u00a0 21 \u00e0 41 ans. Les uns sont originaires de la wilaya de Mostaganem et les autres r\u00e9sidents au sein d\u2019autres wilayas du pays. Elle a \u00e9galement abouti \u00e0 la saisie de 24 kilogrammes et 230 grammes de kif trait\u00e9.\u00a0 Le montant de la marchandise a \u00e9t\u00e9 estim\u00e9\u00a0 \u00e0 plus d\u2019un milliard et 450 millions de centimes. Comme, il a \u00e9t\u00e9 proc\u00e9d\u00e9 \u00e9galement \u00e0\u00a0 la saisie de la somme de 551.000 dinars, d\u2019un autre montant de 80 euros, d\u2019un v\u00e9hicule de marque Renault et d\u2019une motocyclette qui \u00e9taient utilis\u00e9s pour le transport de la drogue, et \u00e9galement\u00a0 7 t\u00e9l\u00e9phones portables. Apr\u00e8s les proc\u00e9dures juridiques, les 06 mis en cause\u00a0 vont \u00eatre pr\u00e9sent\u00e9s par devant le\u00a0 tribunal\u00a0 comp\u00e9tent pour r\u00e9pondre des d\u00e9lits commis.<\/div>\n<\/div>\n<p>Auteur: Naboussi Belayachi<br \/>\n<a href=\"https:\/\/www.reflexiondz.net\/DEMANTELEMENT-D-UN-RESEAU-DE-TRAFIC-DE-DROGUE-A-MOSTAGANEM-Plus-de-24-kg-de-kif-traite-saisis-a-Sour_a56267.html\">Cliquez ici pour lire l&rsquo;article depuis sa source.<\/a><\/p>\n","protected":false},"excerpt":{"rendered":"<p>Dans le cadre de la lutte contre la criminalit\u00e9 sous toutes ses formes et plus particuli\u00e8rement le trafic de drogue qui semble prendre une ampleur des plus\u00a0 inqui\u00e9tantes depuis ces derni\u00e8res semaines, les \u00e9l\u00e9ments de la police judiciaire de la s\u00fbret\u00e9 urbaine externe de la ville de Sour, qui rel\u00e8ve de la commune d\u2019Ain Tedles,\u00a0 [&hellip;]<\/p>\n","protected":false},"author":1740,"featured_media":0,"comment_status":"closed","ping_status":"closed","sticky":false,"template":"","format":"standard","meta":{"fifu_image_url":"","fifu_image_alt":"","footnotes":""},"categories":[53,76],"tags":[],"class_list":["post-42226","post","type-post","status-publish","format-standard","hentry","category-algerie","category-regions"],"_links":{"self":[{"href":"https:\/\/linitiative.ca\/International\/wp-json\/wp\/v2\/posts\/42226","targetHints":{"allow":["GET"]}}],"collection":[{"href":"https:\/\/linitiative.ca\/International\/wp-json\/wp\/v2\/posts"}],"about":[{"href":"https:\/\/linitiative.ca\/International\/wp-json\/wp\/v2\/types\/post"}],"author":[{"embeddable":true,"href":"https:\/\/linitiative.ca\/International\/wp-json\/wp\/v2\/users\/1740"}],"replies":[{"embeddable":true,"href":"https:\/\/linitiative.ca\/International\/wp-json\/wp\/v2\/comments?post=42226"}],"version-history":[{"count":0,"href":"https:\/\/linitiative.ca\/International\/wp-json\/wp\/v2\/posts\/42226\/revisions"}],"wp:attachment":[{"href":"https:\/\/linitiative.ca\/International\/wp-json\/wp\/v2\/media?parent=42226"}],"wp:term":[{"taxonomy":"category","embeddable":true,"href":"https:\/\/linitiative.ca\/International\/wp-json\/wp\/v2\/categories?post=42226"},{"taxonomy":"post_tag","embeddable":true,"href":"https:\/\/linitiative.ca\/International\/wp-json\/wp\/v2\/tags?post=42226"}],"curies":[{"name":"wp","href":"https:\/\/api.w.org\/{rel}","templated":true}]}}