{"id":42228,"date":"2019-06-23T13:23:00","date_gmt":"2019-06-23T17:23:00","guid":{"rendered":"https:\/\/linitiative.ca\/International\/bousfer-oran-demolition-de-constructions-illicites-de-deux-anciens-maires\/"},"modified":"2019-06-23T13:23:00","modified_gmt":"2019-06-23T17:23:00","slug":"bousfer-oran-demolition-de-constructions-illicites-de-deux-anciens-maires","status":"publish","type":"post","link":"https:\/\/linitiative.ca\/International\/bousfer-oran-demolition-de-constructions-illicites-de-deux-anciens-maires\/","title":{"rendered":"BOUSFER (ORAN) : D\u00e9molition de constructions illicites de deux anciens maires"},"content":{"rendered":"<p><br id=\"sep_para_1\" class=\"sep_para access\"\/><\/p>\n<div id=\"para_1\" class=\"para_31841288 resize\">\n<div class=\"photo shadow left\"><a href=\"javascript:void(0)\" rel=\"https:\/\/www.reflexiondz.net\/photo\/art\/grande\/35020811-31841288.jpg?v=1561318281&#038;ibox\" title=\"BOUSFER (ORAN) : D\u00e9molition de constructions illicites de deux anciens maires\"><img decoding=\"async\" class=\"responsive c9\" src=\"https:\/\/www.reflexiondz.net\/photo\/art\/grande\/35020811-31841288.jpg?v=1561318281\" alt=\"BOUSFER (ORAN) : D\u00e9molition de constructions illicites de deux anciens maires\" title=\"BOUSFER (ORAN) : D\u00e9molition de constructions illicites de deux anciens maires\"\/><img decoding=\"async\" class=\"not-responsive\" src=\"https:\/\/www.reflexiondz.net\/photo\/art\/default\/35020811-31841288.jpg?v=1561318284\" alt=\"BOUSFER (ORAN) : D\u00e9molition de constructions illicites de deux anciens maires\" title=\"BOUSFER (ORAN) : D\u00e9molition de constructions illicites de deux anciens maires\"\/><\/a><\/div>\n<div class=\"texte access firstletter\">Une situation\u00a0 qui n\u2019a pas manqu\u00e9 de susciter l\u2019\u00e9tonnement, d\u2019autant plus que les concern\u00e9s \u00e9taient pr\u00e9sents jeudi \u00e0 la d\u00e9molition de leurs propres habitations qui se passait sous leurs yeux. \u00ab On aura tout vu \u00bb, s\u2019est amus\u00e9 \u00e0 dire un habitant de cette station baln\u00e9aire, qui en connait des bouts des affaires scabreuses qui se d\u00e9roulent en ces lieux. En effet, nombre de scandales se rapportant au d\u00e9tournement du foncier et des affaires de garages \u00e0 bateaux, impliquant d\u2019anciens et actuels \u00e9lus, ont d\u00e9fray\u00e9 la chronique locale. Selon Mme Nadera Saddok, la pr\u00e9sidente de l\u2019APC de Bousfer, il est difficile d\u2019avancer un chiffre pr\u00e9cis sur le nombre des habitations et constructions illicites r\u00e9alis\u00e9es sur le domaine public, \u00ab toutefois, assure-t-elle, les d\u00e9molitions se feront au fur et \u00e0 mesure qu\u2019elles sont signal\u00e9es. Plus aucun empi\u00e9tement sur le foncier ne sera tol\u00e9r\u00e9 de qui que ce soit, avertit-elle, avant d\u2019ajouter qu\u2019apr\u00e8s constatation des faits, les contrevenants s\u2019exposent \u00e0 des poursuites judiciaires avec restitution des assiettes fonci\u00e8res d\u00e9tourn\u00e9es \u00bb. Il est \u00e0 signaler qu\u2019un fort cordon de gendarmes veillait au d\u00e9roulement des op\u00e9rations. Des citoyens en col\u00e8re, parmi eux certains, dont des maisons ont \u00e9t\u00e9 ras\u00e9es, ont d\u00e9plor\u00e9 l\u2019absence du d\u00e9l\u00e9gu\u00e9 de secteur, qu\u2019ils mettent en cause de par leurs d\u00e9clarations compromettantes. Des faits qui seront surement suivis, laisse-t-on entendre, par l\u2019ouverture d\u2019une enqu\u00eate pour d\u00e9busquer les commanditaires de toutes ces manigances et tractations illicites sur le foncier, qui ne peuvent s\u2019op\u00e9rer, nous explique-t-on, sans la complicit\u00e9 de responsables au sein de l\u2019administration. La fr\u00e9n\u00e9sie pour la d\u00e9pr\u00e9dation du foncier \u00e0 Bousfer, comme \u00e0 A\u00efn El T\u00fcrck d\u2019ailleurs, Mers El K\u00e9bir aussi et \u00e0 El An\u00e7or, ne s\u2019est jamais tarie et a pris des proportions incommensurables et inimaginables. Et quand ce sont des responsables \u00e9lus et administrateurs eux-m\u00eames qui sont les commanditaires des affaires scabreuses, comme cela a eu lieu dans l\u2019affaire de l\u2019EAC Mohamed Ghriss \u00e0 Ain El T\u00fcrck, on imagine l\u2019ampleur des d\u00e9g\u00e2ts. Comme quoi, ni le foncier urbanisable, ni le foncier agricole n\u2019\u00e9chappe aux rapaces et aux brigands qui ont d\u00e9pec\u00e9 le foncier dans la da\u00efra d\u2019Ain El Turck, dont r\u00e9cemment l\u2019affaire de la coop\u00e9rative immobili\u00e8re \u2018\u2019Zerga\u2019\u2019 de St Roch ou d\u2019autres encore \u00e0 El An\u00e7or.<\/div>\n<\/div>\n<p>Auteur: Habib Medjadji<br \/>\n<a href=\"https:\/\/www.reflexiondz.net\/BOUSFER-ORAN-Demolition-de-constructions-illicites-de-deux-anciens-maires_a56265.html\">Cliquez ici pour lire l&rsquo;article depuis sa source.<\/a><\/p>\n","protected":false},"excerpt":{"rendered":"<p>Une situation\u00a0 qui n\u2019a pas manqu\u00e9 de susciter l\u2019\u00e9tonnement, d\u2019autant plus que les concern\u00e9s \u00e9taient pr\u00e9sents jeudi \u00e0 la d\u00e9molition de leurs propres habitations qui se passait sous leurs yeux. \u00ab On aura tout vu \u00bb, s\u2019est amus\u00e9 \u00e0 dire un habitant de cette station baln\u00e9aire, qui en connait des bouts des affaires scabreuses qui [&hellip;]<\/p>\n","protected":false},"author":1740,"featured_media":0,"comment_status":"closed","ping_status":"closed","sticky":false,"template":"","format":"standard","meta":{"fifu_image_url":"","fifu_image_alt":"","footnotes":""},"categories":[53,76],"tags":[],"class_list":["post-42228","post","type-post","status-publish","format-standard","hentry","category-algerie","category-regions"],"_links":{"self":[{"href":"https:\/\/linitiative.ca\/International\/wp-json\/wp\/v2\/posts\/42228","targetHints":{"allow":["GET"]}}],"collection":[{"href":"https:\/\/linitiative.ca\/International\/wp-json\/wp\/v2\/posts"}],"about":[{"href":"https:\/\/linitiative.ca\/International\/wp-json\/wp\/v2\/types\/post"}],"author":[{"embeddable":true,"href":"https:\/\/linitiative.ca\/International\/wp-json\/wp\/v2\/users\/1740"}],"replies":[{"embeddable":true,"href":"https:\/\/linitiative.ca\/International\/wp-json\/wp\/v2\/comments?post=42228"}],"version-history":[{"count":0,"href":"https:\/\/linitiative.ca\/International\/wp-json\/wp\/v2\/posts\/42228\/revisions"}],"wp:attachment":[{"href":"https:\/\/linitiative.ca\/International\/wp-json\/wp\/v2\/media?parent=42228"}],"wp:term":[{"taxonomy":"category","embeddable":true,"href":"https:\/\/linitiative.ca\/International\/wp-json\/wp\/v2\/categories?post=42228"},{"taxonomy":"post_tag","embeddable":true,"href":"https:\/\/linitiative.ca\/International\/wp-json\/wp\/v2\/tags?post=42228"}],"curies":[{"name":"wp","href":"https:\/\/api.w.org\/{rel}","templated":true}]}}